{"id":382274,"date":"2026-04-26T14:05:33","date_gmt":"2026-04-26T20:05:33","guid":{"rendered":"https:\/\/www.elplaneta.mx\/?p=382274"},"modified":"2026-04-26T14:05:37","modified_gmt":"2026-04-26T20:05:37","slug":"nino-electrocutado-en-croacia-tiene-lesiones-y-traumatismos-muy-graves","status":"publish","type":"post","link":"https:\/\/www.elplaneta.mx\/?p=382274","title":{"rendered":"Ni\u00f1o electrocutado en Croacia, tiene lesiones y traumatismos muy graves"},"content":{"rendered":"<div class=\"wp-block-image\">\n<figure class=\"alignleft size-full is-resized\"><img loading=\"lazy\" decoding=\"async\" width=\"640\" height=\"404\" src=\"https:\/\/www.elplaneta.mx\/wp-content\/themes\/elplaneta\/FOTOS\/26C2356490685.jpg\" alt=\"\" class=\"wp-image-382275\" style=\"width:530px;height:auto\" srcset=\"https:\/\/www.elplaneta.mx\/wp-content\/themes\/elplaneta\/FOTOS\/26C2356490685.jpg 640w, https:\/\/www.elplaneta.mx\/wp-content\/themes\/elplaneta\/FOTOS\/26C2356490685-300x189.jpg 300w, https:\/\/www.elplaneta.mx\/wp-content\/themes\/elplaneta\/FOTOS\/26C2356490685-540x340.jpg 540w\" sizes=\"auto, (max-width: 640px) 100vw, 640px\" \/><\/figure><\/div>\n\n\n<p>Zagreb, Croacia, Europa.- El estado de salud del ni\u00f1o de Dubrovnik, que se encuentra en estado cr\u00edtico y fue trasladado al Centro Hospitalario de Split en helic\u00f3ptero de la Fuerza A\u00e9rea Croata el s\u00e1bado por la noche, sigue siendo muy grave. Su estado se mantiene bajo observaci\u00f3n en la Unidad de Cuidados Intensivos y, si se estabiliza, ser\u00e1 trasladado a Zagreb para recibir tratamiento el lunes.<\/p>\n\n\n\n<p>El doctor Ivan Utrobi\u010di\u0107, del KBC Split, inform\u00f3 que anoche, tras un breve y m\u00ednimo examen diagn\u00f3stico, se le practic\u00f3 una intervenci\u00f3n quir\u00fargica y se le brind\u00f3 tratamiento pedi\u00e1trico intensivo. Tras la cirug\u00eda, el ni\u00f1o fue ingresado en la Unidad de Cuidados Intensivos Pedi\u00e1tricos.<\/p>\n\n\n\n<p>Esta noche se rompi\u00f3 el llamado c\u00edrculo vicioso que se produce con lesiones tan graves y que, sin un tratamiento adecuado, conduce r\u00e1pidamente a un desenlace tr\u00e1gico. El ni\u00f1o sigue en estado muy grave y su vida corre peligro, declar\u00f3 Utrobi\u010di\u0107.<\/p>\n\n\n\n<p>Inform\u00f3 a la prensa que, por el momento, el ni\u00f1o podr\u00eda ser trasladado en helic\u00f3ptero a Zagreb el lunes por la ma\u00f1ana. Ser\u00e1 trasladado al Centro de Referencia para el Tratamiento de Quemaduras Pedi\u00e1tricas en Zagreb si las circunstancias lo permiten, es decir, si es transportable, lo cual es posible dado que han logrado estabilizarlo.<\/p>\n\n\n\n<p>Se\u00f1al\u00f3 que el ni\u00f1o presenta lesiones y traumatismos tan extensos que est\u00e1n monitoreando su situaci\u00f3n y su estado hora tras hora y minuto a minuto.<\/p>\n\n\n\n<p>Un ni\u00f1o de 14 a\u00f1os sufri\u00f3 una electrocuci\u00f3n el s\u00e1bado mientras trepaba a una subestaci\u00f3n el\u00e9ctrica y fue trasladado al hospital de Split por la tripulaci\u00f3n del 395.\u00ba Escuadr\u00f3n de Helic\u00f3pteros de Transporte del Ala 93 de la Fuerza A\u00e9rea Croata. Despegaron del cuartel Knez Trpimir en Divulje y aterrizaron en el helipuerto del Hospital General de Dubrovnik, donde recogieron al paciente, a tres miembros del equipo m\u00e9dico y a un acompa\u00f1ante. Aterrizaron en el helipuerto del Hospital Cl\u00ednico de Split a las 22:33, momento en el que el paciente fue entregado para recibir atenci\u00f3n m\u00e9dica adicional.<\/p>\n\n\n\n<p>El capit\u00e1n del helic\u00f3ptero, Marko Filipovi\u0107 Gr\u010di\u0107, declar\u00f3 a la prensa que el helic\u00f3ptero iba acompa\u00f1ado de un escolta, un m\u00e9dico y un equipo m\u00e9dico que vigilaron al paciente en todo momento. A\u00f1adi\u00f3 que, independientemente de la preparaci\u00f3n y la experiencia, las emociones se imponen cuando se trata de ni\u00f1os, pero que su prioridad es cumplir con la misi\u00f3n y que la completaron con \u00e9xito. Continu\u00f3 explicando que, si bien los aterrizajes nocturnos son m\u00e1s exigentes que los diurnos, los realizan sin problemas. Revel\u00f3 a la prensa que, debido al viento, volaron a Dubrovnik en 45 minutos y a Split en 53 minutos.<\/p>\n\n\n\n<p>Desde nuestros inicios, nos hemos dedicado al transporte de personas heridas. Nos sentimos honrados de que, junto con todos los servicios de emergencia, podamos ser un eslab\u00f3n en la cadena de asistencia a las personas heridas, y de estar disponibles para los pacientes los 365 d\u00edas del a\u00f1o, dijo Filipovi\u0107 Gr\u010di\u0107.<\/p>\n","protected":false},"excerpt":{"rendered":"<p>Zagreb, Croacia, Europa.- El estado de salud del ni\u00f1o de Dubrovnik, que se encuentra en&#8230;<\/p>\n","protected":false},"author":1,"featured_media":382275,"comment_status":"open","ping_status":"open","sticky":false,"template":"","format":"standard","meta":{"footnotes":""},"categories":[4],"tags":[],"class_list":["post-382274","post","type-post","status-publish","format-standard","has-post-thumbnail","hentry","category-local"],"gutentor_comment":0,"_links":{"self":[{"href":"https:\/\/www.elplaneta.mx\/index.php?rest_route=\/wp\/v2\/posts\/382274","targetHints":{"allow":["GET"]}}],"collection":[{"href":"https:\/\/www.elplaneta.mx\/index.php?rest_route=\/wp\/v2\/posts"}],"about":[{"href":"https:\/\/www.elplaneta.mx\/index.php?rest_route=\/wp\/v2\/types\/post"}],"author":[{"embeddable":true,"href":"https:\/\/www.elplaneta.mx\/index.php?rest_route=\/wp\/v2\/users\/1"}],"replies":[{"embeddable":true,"href":"https:\/\/www.elplaneta.mx\/index.php?rest_route=%2Fwp%2Fv2%2Fcomments&post=382274"}],"version-history":[{"count":1,"href":"https:\/\/www.elplaneta.mx\/index.php?rest_route=\/wp\/v2\/posts\/382274\/revisions"}],"predecessor-version":[{"id":382276,"href":"https:\/\/www.elplaneta.mx\/index.php?rest_route=\/wp\/v2\/posts\/382274\/revisions\/382276"}],"wp:featuredmedia":[{"embeddable":true,"href":"https:\/\/www.elplaneta.mx\/index.php?rest_route=\/wp\/v2\/media\/382275"}],"wp:attachment":[{"href":"https:\/\/www.elplaneta.mx\/index.php?rest_route=%2Fwp%2Fv2%2Fmedia&parent=382274"}],"wp:term":[{"taxonomy":"category","embeddable":true,"href":"https:\/\/www.elplaneta.mx\/index.php?rest_route=%2Fwp%2Fv2%2Fcategories&post=382274"},{"taxonomy":"post_tag","embeddable":true,"href":"https:\/\/www.elplaneta.mx\/index.php?rest_route=%2Fwp%2Fv2%2Ftags&post=382274"}],"curies":[{"name":"wp","href":"https:\/\/api.w.org\/{rel}","templated":true}]}}