{"id":382280,"date":"2026-04-26T14:47:01","date_gmt":"2026-04-26T20:47:01","guid":{"rendered":"https:\/\/www.elplaneta.mx\/?p=382280"},"modified":"2026-04-26T14:47:05","modified_gmt":"2026-04-26T20:47:05","slug":"en-colombia-suben-a-20-los-muertos-por-ataque-con-explosivos-en-carretera","status":"publish","type":"post","link":"https:\/\/www.elplaneta.mx\/?p=382280","title":{"rendered":"En Colombia, suben a 20 los muertos por ataque con explosivos en carretera"},"content":{"rendered":"<div class=\"wp-block-image\">\n<figure class=\"alignleft size-full is-resized\"><img loading=\"lazy\" decoding=\"async\" width=\"633\" height=\"420\" src=\"https:\/\/www.elplaneta.mx\/wp-content\/themes\/elplaneta\/FOTOS\/26C367490568676.jpg\" alt=\"\" class=\"wp-image-382281\" style=\"width:500px;height:auto\" srcset=\"https:\/\/www.elplaneta.mx\/wp-content\/themes\/elplaneta\/FOTOS\/26C367490568676.jpg 633w, https:\/\/www.elplaneta.mx\/wp-content\/themes\/elplaneta\/FOTOS\/26C367490568676-300x199.jpg 300w\" sizes=\"auto, (max-width: 633px) 100vw, 633px\" \/><\/figure><\/div>\n\n\n<p>Bogot\u00e1, Colombia, Am\u00e9rica.- El n\u00famero de v\u00edctimas por el atentado con un artefacto explosivo en una carretera del suroeste de Colombia subi\u00f3 a 20 mientras 36 quedaron heridos, informaron el domingo las autoridades del Cauca, asediada por una arremetida violenta en las \u00faltimas horas que el gobierno colombiano adjudic\u00f3 a las disidencias de las desparecidas FARC.<\/p>\n\n\n\n<p>Hasta el momento se registran 15 mujeres y cinco hombres fallecidos, todos mayores de edad, inform\u00f3 en X el gobernador del Cauca, Octavio Guzm\u00e1n. Sobre los heridos precis\u00f3 que tres permanecen en cuidados intensivos, mientras cinco menores de edad est\u00e1n \u201cfuera de peligro\u201d.<\/p>\n\n\n\n<p>El ataque, el m\u00e1s grave de las \u00faltimas semanas y en la antesala de las elecciones presidenciales, se registr\u00f3 en zona rural del municipio Cajib\u00edo, en el departamento del Cauca, en la carretera Panamericana que comunica las ciudades de Popay\u00e1n y Cali, que fue cerrada transitoriamente.<\/p>\n\n\n\n<p>Las autoridades militares y de polic\u00eda dijeron que los rebeldes instalaron una potente carga de explosivos en la carretera, que al detonar destruy\u00f3 decenas de veh\u00edculos y dej\u00f3 un cr\u00e1ter en la v\u00eda, una vieja t\u00e1ctica de la guerrilla izquierdista para cometer ataques en medio del conflicto armado de seis d\u00e9cadas que ha dejado m\u00e1s de 450 mil muertos.<\/p>\n\n\n\n<p>El ministro de Defensa, Pedro S\u00e1nchez, quien presidi\u00f3 la noche del s\u00e1bado un consejo de seguridad en Popay\u00e1n, la capital del departamento del Cauca, acus\u00f3 del ataque al Estado Mayor Central, una disidencia de la antigua guerrilla de las FARC que rechaz\u00f3 un acuerdo de paz de 2016.<\/p>\n\n\n\n<p>El departamento del Cauca, una regi\u00f3n de monta\u00f1as y selvas con salida al oc\u00e9ano Pac\u00edfico, es una zona estrat\u00e9gica para la producci\u00f3n y el tr\u00e1fico de coca\u00edna, as\u00ed como para la extracci\u00f3n il\u00edcita de oro, las dos principales fuentes de financiaci\u00f3n de los grupos armados ilegales.<\/p>\n\n\n\n<p>Entre el viernes y el s\u00e1bado se registraron 26 ataques en los departamentos del Cauca y Valle, incluidos dos con veh\u00edculos cargados con explosivos contra instalaciones militares de las ciudades de Cali y Palmira.<\/p>\n\n\n\n<p>S\u00e1nchez anunci\u00f3 un aumento de las recompensas por los l\u00edderes de las disidencias de las FARC con presencia en el departamento del Cauca y un incremento de las operaciones ofensivas contra ese grupo armado ilegal con m\u00e1s tropas.<\/p>\n\n\n\n<p>El presidente de Colombia, Gustavo Petro, lanz\u00f3 una pol\u00edtica de paz total para sacar del conflicto a m\u00e1s de 20 mil integrantes de grupos urbanos de delincuencia, de guerrillas izquierdistas y de bandas criminales dedicadas al narcotr\u00e1fico y la extracci\u00f3n ilegal de oro, pero sin ning\u00fan resultado concreto a 104 d\u00edas de terminar su mandato de cuatro a\u00f1os.<\/p>\n","protected":false},"excerpt":{"rendered":"<p>Bogot\u00e1, Colombia, Am\u00e9rica.- El n\u00famero de v\u00edctimas por el atentado con un artefacto explosivo en&#8230;<\/p>\n","protected":false},"author":1,"featured_media":382281,"comment_status":"open","ping_status":"open","sticky":false,"template":"","format":"standard","meta":{"footnotes":""},"categories":[139],"tags":[],"class_list":["post-382280","post","type-post","status-publish","format-standard","has-post-thumbnail","hentry","category-continental"],"gutentor_comment":0,"_links":{"self":[{"href":"https:\/\/www.elplaneta.mx\/index.php?rest_route=\/wp\/v2\/posts\/382280","targetHints":{"allow":["GET"]}}],"collection":[{"href":"https:\/\/www.elplaneta.mx\/index.php?rest_route=\/wp\/v2\/posts"}],"about":[{"href":"https:\/\/www.elplaneta.mx\/index.php?rest_route=\/wp\/v2\/types\/post"}],"author":[{"embeddable":true,"href":"https:\/\/www.elplaneta.mx\/index.php?rest_route=\/wp\/v2\/users\/1"}],"replies":[{"embeddable":true,"href":"https:\/\/www.elplaneta.mx\/index.php?rest_route=%2Fwp%2Fv2%2Fcomments&post=382280"}],"version-history":[{"count":1,"href":"https:\/\/www.elplaneta.mx\/index.php?rest_route=\/wp\/v2\/posts\/382280\/revisions"}],"predecessor-version":[{"id":382282,"href":"https:\/\/www.elplaneta.mx\/index.php?rest_route=\/wp\/v2\/posts\/382280\/revisions\/382282"}],"wp:featuredmedia":[{"embeddable":true,"href":"https:\/\/www.elplaneta.mx\/index.php?rest_route=\/wp\/v2\/media\/382281"}],"wp:attachment":[{"href":"https:\/\/www.elplaneta.mx\/index.php?rest_route=%2Fwp%2Fv2%2Fmedia&parent=382280"}],"wp:term":[{"taxonomy":"category","embeddable":true,"href":"https:\/\/www.elplaneta.mx\/index.php?rest_route=%2Fwp%2Fv2%2Fcategories&post=382280"},{"taxonomy":"post_tag","embeddable":true,"href":"https:\/\/www.elplaneta.mx\/index.php?rest_route=%2Fwp%2Fv2%2Ftags&post=382280"}],"curies":[{"name":"wp","href":"https:\/\/api.w.org\/{rel}","templated":true}]}}