{"id":382293,"date":"2026-04-26T16:30:17","date_gmt":"2026-04-26T22:30:17","guid":{"rendered":"https:\/\/www.elplaneta.mx\/?p=382293"},"modified":"2026-04-26T16:30:21","modified_gmt":"2026-04-26T22:30:21","slug":"marchan-en-baja-california-para-exigir-justicia-por-feminicidio-de-ex-reina-de-belleza","status":"publish","type":"post","link":"https:\/\/www.elplaneta.mx\/?p=382293","title":{"rendered":"Marchan en Baja California, para exigir justicia por feminicidio de ex reina de belleza"},"content":{"rendered":"<div class=\"wp-block-image\">\n<figure class=\"alignleft size-full is-resized\"><img loading=\"lazy\" decoding=\"async\" width=\"758\" height=\"587\" src=\"https:\/\/www.elplaneta.mx\/wp-content\/themes\/elplaneta\/FOTOS\/26B464685676.jpg\" alt=\"\" class=\"wp-image-382294\" style=\"width:461px;height:auto\" srcset=\"https:\/\/www.elplaneta.mx\/wp-content\/themes\/elplaneta\/FOTOS\/26B464685676.jpg 758w, https:\/\/www.elplaneta.mx\/wp-content\/themes\/elplaneta\/FOTOS\/26B464685676-300x232.jpg 300w\" sizes=\"auto, (max-width: 758px) 100vw, 758px\" \/><\/figure><\/div>\n\n\n<p>Mexicali, Baja California, M\u00e9xico, Am\u00e9rica.- Familiares, amistades y ciudadan\u00eda se manifestaron para exigir justicia por el homicidio doloso de la ensenadense Carolina Flores G\u00f3mez, de 27 a\u00f1os de edad, quien en vida fue reina de belleza en Baja California.<\/p>\n\n\n\n<p>Este s\u00e1bado 25 de abril el contingente se reuni\u00f3 en el Centro Estatal de las Artes (Cearte), de ah\u00ed inici\u00f3 la marcha avanzando por el bulevar costero a trav\u00e9s de la ciclov\u00eda, continuando por la calle Ruiz hasta llegar al Parque Revoluci\u00f3n, donde los asistentes realizaron un pronunciamiento p\u00fablico.<\/p>\n\n\n\n<p>De acuerdo con los primeros reportes los hechos violentos, que quedaron videograbados, ocurrieron el pasado 15 de abril en un departamento ubicado en la calle Edgar Allan Poe, en Polanco Tercera Secci\u00f3n, de la alcald\u00eda Miguel Hidalgo.<\/p>\n\n\n\n<p>El crimen habr\u00eda sido ocultado durante aproximadamente 24 horas y se inform\u00f3 que la presunta autora material, identificada como Erika Mar\u00eda Guadalupe Herrera Coriant, se encuentra pr\u00f3fuga.<\/p>\n\n\n\n<p>Durante la manifestaci\u00f3n, familiares y amigos recordaron a Carolina como una persona solidaria, emp\u00e1tica y profundamente querida.<\/p>\n\n\n\n<p>Entre los testimonios, destacaron mensajes cargados de dolor y exigencia de justicia.<\/p>\n\n\n\n<p>Reina, madre de Carolina, encabez\u00f3 la marcha sosteniendo una lona donde exige justicia.<\/p>\n\n\n\n<p>\u201c\u00c9ramos un equipo -la familia- para cuidarnos y apoyarnos. Hoy ese equipo est\u00e1 incompleto, est\u00e1 roto; nos quitaron a un elemento de nuestro equipo\u201d, expres\u00f3 desconsolada la madre.<\/p>\n\n\n\n<p>\u201cCierro mis ojos y veo su carita de cuando era ni\u00f1a. Tengo el coraz\u00f3n tengo el coraz\u00f3n destrozado y mi mente no alcanza a comprender esto\u201d.<\/p>\n\n\n\n<p>Tambi\u00e9n se\u00f1al\u00f3 que no tiene ning\u00fan conflicto con su yerno Alejandro, padre de beb\u00e9 de 8 meses de Carolina, y quien report\u00f3 el feminicidio.<\/p>\n\n\n\n<p>Afirm\u00f3 que ambos exigen justicia: \u201cLo \u00fanico que buscamos es que este caso no quede impune\u201d.<\/p>\n\n\n\n<p>A lo largo de la marcha, los asistentes portaron pancartas y corearon consignas como:<\/p>\n\n\n\n<p>\u201cQue su nombre no se olvide, que su caso no quede impune\u201d<\/p>\n\n\n\n<p>\u201cNi una Carolina m\u00e1s, justicia para Carolina\u201d<\/p>\n\n\n\n<p>\u201cHoy marchamos por una madre, una hija, por una hermana\u201d<\/p>\n\n\n\n<p>\u201cSe llamaba Carolina Flores y era una gran persona\u201d<\/p>\n\n\n\n<p>\u201cHay una madre que ya no vuelve; su ausencia nos duele\u201d.<\/p>\n\n\n\n<p>Al finalizar en el Parque Revoluci\u00f3n ofrecieron unas palabras de aliento a la familia e hicieron un llamado a las autoridades para esclarecer los hechos.<\/p>\n","protected":false},"excerpt":{"rendered":"<p>Mexicali, Baja California, M\u00e9xico, Am\u00e9rica.- Familiares, amistades y ciudadan\u00eda se manifestaron para exigir justicia por&#8230;<\/p>\n","protected":false},"author":1,"featured_media":382294,"comment_status":"open","ping_status":"open","sticky":false,"template":"","format":"standard","meta":{"footnotes":""},"categories":[130],"tags":[],"class_list":["post-382293","post","type-post","status-publish","format-standard","has-post-thumbnail","hentry","category-nacional"],"gutentor_comment":0,"_links":{"self":[{"href":"https:\/\/www.elplaneta.mx\/index.php?rest_route=\/wp\/v2\/posts\/382293","targetHints":{"allow":["GET"]}}],"collection":[{"href":"https:\/\/www.elplaneta.mx\/index.php?rest_route=\/wp\/v2\/posts"}],"about":[{"href":"https:\/\/www.elplaneta.mx\/index.php?rest_route=\/wp\/v2\/types\/post"}],"author":[{"embeddable":true,"href":"https:\/\/www.elplaneta.mx\/index.php?rest_route=\/wp\/v2\/users\/1"}],"replies":[{"embeddable":true,"href":"https:\/\/www.elplaneta.mx\/index.php?rest_route=%2Fwp%2Fv2%2Fcomments&post=382293"}],"version-history":[{"count":1,"href":"https:\/\/www.elplaneta.mx\/index.php?rest_route=\/wp\/v2\/posts\/382293\/revisions"}],"predecessor-version":[{"id":382295,"href":"https:\/\/www.elplaneta.mx\/index.php?rest_route=\/wp\/v2\/posts\/382293\/revisions\/382295"}],"wp:featuredmedia":[{"embeddable":true,"href":"https:\/\/www.elplaneta.mx\/index.php?rest_route=\/wp\/v2\/media\/382294"}],"wp:attachment":[{"href":"https:\/\/www.elplaneta.mx\/index.php?rest_route=%2Fwp%2Fv2%2Fmedia&parent=382293"}],"wp:term":[{"taxonomy":"category","embeddable":true,"href":"https:\/\/www.elplaneta.mx\/index.php?rest_route=%2Fwp%2Fv2%2Fcategories&post=382293"},{"taxonomy":"post_tag","embeddable":true,"href":"https:\/\/www.elplaneta.mx\/index.php?rest_route=%2Fwp%2Fv2%2Ftags&post=382293"}],"curies":[{"name":"wp","href":"https:\/\/api.w.org\/{rel}","templated":true}]}}