{"id":382320,"date":"2026-04-27T08:16:23","date_gmt":"2026-04-27T14:16:23","guid":{"rendered":"https:\/\/www.elplaneta.mx\/?p=382320"},"modified":"2026-04-27T08:16:27","modified_gmt":"2026-04-27T14:16:27","slug":"la-uag-participa-en-el-primer-congreso-de-universidades-por-la-justicia","status":"publish","type":"post","link":"https:\/\/www.elplaneta.mx\/?p=382320","title":{"rendered":"La UAG participa en el Primer Congreso de Universidades por la Justicia"},"content":{"rendered":"<div class=\"wp-block-image\">\n<figure class=\"alignleft size-full\"><img loading=\"lazy\" decoding=\"async\" width=\"450\" height=\"300\" src=\"https:\/\/www.elplaneta.mx\/wp-content\/themes\/elplaneta\/FOTOS\/27J36549685786.jpg\" alt=\"\" class=\"wp-image-382321\" srcset=\"https:\/\/www.elplaneta.mx\/wp-content\/themes\/elplaneta\/FOTOS\/27J36549685786.jpg 450w, https:\/\/www.elplaneta.mx\/wp-content\/themes\/elplaneta\/FOTOS\/27J36549685786-300x200.jpg 300w\" sizes=\"auto, (max-width: 450px) 100vw, 450px\" \/><\/figure><\/div>\n\n\n<p>Guadalajara, Jalisco, M\u00e9xico, Am\u00e9rica.- La Universidad Aut\u00f3noma de Guadalajara (UAG) particip\u00f3 en el Primer Congreso de Universidades por la Justicia, celebrado en el Auditorio de Ciudad Judicial.<\/p>\n\n\n\n<p>El evento, convocado por el Supremo Tribunal de Justicia y el Consejo de la Judicatura del Estado de Jalisco, fue un espacio de promoci\u00f3n y actualizaci\u00f3n del conocimiento en ejes tem\u00e1ticos de relevancia para el sistema de justicia actual como: derechos humanos, justicia restaurativa, perspectiva de g\u00e9nero e igualdad, transparencia y justicia ambiental.<\/p>\n\n\n\n<p>Academia, pieza clave<\/p>\n\n\n\n<p>El congreso fue inaugurado por el Mtro. Jos\u00e9 Luis \u00c1lvarez Pulido, Magistrado-Presidente del Supremo Tribunal de Justicia y del Consejo de la Judicatura del Estado de Jalisco, quien en su mensaje de bienvenida destac\u00f3 el valor del di\u00e1logo entre la academia y el sistema de justicia.<\/p>\n\n\n\n<p>&nbsp;\u00abEl conocimiento jur\u00eddico vale m\u00e1s cuando ayuda a resolver problem\u00e1ticas, cuando orienta con claridad y cuando no pierde de vista el impacto real y el impacto humano que tienen las decisiones en la vida de todas las personas, pero, la justicia siempre se fortalece cuando se forma, cuando se reflexiona y cuando dialoga de frente con la academia\u201d, apunt\u00f3.<\/p>\n\n\n\n<p>Luego agreg\u00f3 que los derechos humanos, la justicia restaurativa, la transparencia, incluso justicia ambiental, forman parte de las conversaciones que hoy son indispensables para la justicia en tiempos actuales.<\/p>\n\n\n\n<p>El magistrado agradeci\u00f3 a las universidades su apoyo para este evento e inaugur\u00f3.<\/p>\n\n\n\n<p>Reconocen trayectoria acad\u00e9mica<\/p>\n\n\n\n<p>En el marco del encuentro, el Dr. Alfonso Petersen Farah, Vicerrector Acad\u00e9mico y de Ciencias de la Salud de la UAG, recibi\u00f3 un reconocimiento por su compromiso acad\u00e9mico con la sociedad jalisciense, junto a los otros participantes del pres\u00eddium que reuni\u00f3 a rectores y representantes de las principales universidades privadas de Jalisco.<\/p>\n\n\n\n<p>En el evento tambi\u00e9n estuvieron presentes magistrados, jueces, consejeros de la judicatura y la comunidad acad\u00e9mica del estado.<\/p>\n\n\n\n<p>Adem\u00e1s, se entreg\u00f3 el reconocimiento \u201cTestimonios del Agradecimiento\u201d, a varios acad\u00e9micos de diferentes instituciones del Estado, entre ellos al Ing. Joel Garc\u00eda Ornelas, Secretario Acad\u00e9mico de la UAG.<\/p>\n\n\n\n<p>Firman convenio<\/p>\n\n\n\n<p>Como parte del cierre del congreso, el Supremo Tribunal de Justicia del Estado de Jalisco y el Consejo de la Judicatura formalizaron convenios de colaboraci\u00f3n con las universidades participantes, entre ellas la UAG.<\/p>\n\n\n\n<p>Los acuerdos permitir\u00e1n que el personal del Poder Judicial acceda a beneficios, descuentos y becas de hasta el 100% en programas de formaci\u00f3n ofrecidos por las instituciones firmantes.<\/p>\n\n\n\n<p>\u00abNo es un tema menor, no es un tema que solamente signifique la firma protocolar de un convenio, sino que me parece que tiene un profundo trasfondo para incidir de una manera importante en la vida de nuestro personal\u00bb, expres\u00f3 el Magistrado \u00c1lvarez Pulido.<\/p>\n\n\n\n<p>Conferencias y dialogo<\/p>\n\n\n\n<p>La otra participaci\u00f3n de la UAG en el programa acad\u00e9mico del congreso correspondi\u00f3 al Mtro. Anuar L\u00f3pez Marmolejo, quien present\u00f3 la ponencia \u00abEl fundamento filos\u00f3fico de los Derechos Humanos\u00bb dentro de la Mesa de Derechos Humanos.<\/p>\n\n\n\n<p>Esta mesa reuni\u00f3 a acad\u00e9micos de diversas instituciones de educaci\u00f3n superior de Jalisco para analizar temas como el control de regularidad constitucional, la protecci\u00f3n de derechos frente a particulares y la deuda pendiente con ni\u00f1os y adolescentes en el estado.<\/p>\n\n\n\n<p>A su vez, hubo otras conferencias y mesas de di\u00e1logo en las que participaron ponentes de las universidades participantes.<\/p>\n\n\n\n<p>Con su presencia en este espacio de reflexi\u00f3n jur\u00eddica y acad\u00e9mica, la UAG reafirma su compromiso con la formaci\u00f3n de profesionales del derecho y su vinculaci\u00f3n activa con las instituciones p\u00fablicas que trabajan por el fortalecimiento del sistema de justicia en Jalisco.<\/p>\n","protected":false},"excerpt":{"rendered":"<p>Guadalajara, Jalisco, M\u00e9xico, Am\u00e9rica.- La Universidad Aut\u00f3noma de Guadalajara (UAG) particip\u00f3 en el Primer Congreso&#8230;<\/p>\n","protected":false},"author":1,"featured_media":382321,"comment_status":"open","ping_status":"open","sticky":false,"template":"","format":"standard","meta":{"footnotes":""},"categories":[151],"tags":[],"class_list":["post-382320","post","type-post","status-publish","format-standard","has-post-thumbnail","hentry","category-espectaculos"],"gutentor_comment":0,"_links":{"self":[{"href":"https:\/\/www.elplaneta.mx\/index.php?rest_route=\/wp\/v2\/posts\/382320","targetHints":{"allow":["GET"]}}],"collection":[{"href":"https:\/\/www.elplaneta.mx\/index.php?rest_route=\/wp\/v2\/posts"}],"about":[{"href":"https:\/\/www.elplaneta.mx\/index.php?rest_route=\/wp\/v2\/types\/post"}],"author":[{"embeddable":true,"href":"https:\/\/www.elplaneta.mx\/index.php?rest_route=\/wp\/v2\/users\/1"}],"replies":[{"embeddable":true,"href":"https:\/\/www.elplaneta.mx\/index.php?rest_route=%2Fwp%2Fv2%2Fcomments&post=382320"}],"version-history":[{"count":1,"href":"https:\/\/www.elplaneta.mx\/index.php?rest_route=\/wp\/v2\/posts\/382320\/revisions"}],"predecessor-version":[{"id":382322,"href":"https:\/\/www.elplaneta.mx\/index.php?rest_route=\/wp\/v2\/posts\/382320\/revisions\/382322"}],"wp:featuredmedia":[{"embeddable":true,"href":"https:\/\/www.elplaneta.mx\/index.php?rest_route=\/wp\/v2\/media\/382321"}],"wp:attachment":[{"href":"https:\/\/www.elplaneta.mx\/index.php?rest_route=%2Fwp%2Fv2%2Fmedia&parent=382320"}],"wp:term":[{"taxonomy":"category","embeddable":true,"href":"https:\/\/www.elplaneta.mx\/index.php?rest_route=%2Fwp%2Fv2%2Fcategories&post=382320"},{"taxonomy":"post_tag","embeddable":true,"href":"https:\/\/www.elplaneta.mx\/index.php?rest_route=%2Fwp%2Fv2%2Ftags&post=382320"}],"curies":[{"name":"wp","href":"https:\/\/api.w.org\/{rel}","templated":true}]}}