{"id":382323,"date":"2026-04-27T08:20:24","date_gmt":"2026-04-27T14:20:24","guid":{"rendered":"https:\/\/www.elplaneta.mx\/?p=382323"},"modified":"2026-04-27T08:20:30","modified_gmt":"2026-04-27T14:20:30","slug":"se-desarrolla-festival-de-lenguas-artes-y-culturas-en-san-bartolome","status":"publish","type":"post","link":"https:\/\/www.elplaneta.mx\/?p=382323","title":{"rendered":"Se desarrolla Festival de Lenguas, Artes y Culturas en San Bartolom\u00e9"},"content":{"rendered":"<div class=\"wp-block-image\">\n<figure class=\"alignleft size-full\"><img loading=\"lazy\" decoding=\"async\" width=\"432\" height=\"288\" src=\"https:\/\/www.elplaneta.mx\/wp-content\/themes\/elplaneta\/FOTOS\/27S236467754.jpg\" alt=\"\" class=\"wp-image-382324\" srcset=\"https:\/\/www.elplaneta.mx\/wp-content\/themes\/elplaneta\/FOTOS\/27S236467754.jpg 432w, https:\/\/www.elplaneta.mx\/wp-content\/themes\/elplaneta\/FOTOS\/27S236467754-300x200.jpg 300w\" sizes=\"auto, (max-width: 432px) 100vw, 432px\" \/><\/figure><\/div>\n\n\n<p>Gustavia, San Bartolom\u00e9, Am\u00e9rica.- Estudiantes de San Mart\u00edn y San Bartolom\u00e9 se reunir\u00e1n durante un d\u00eda para celebrar el lanzamiento del Festival de Lenguas, Artes y Culturas (FLAC). Este lunes 27 de abril, San Bartolom\u00e9 acoger\u00e1 la ceremonia de inauguraci\u00f3n de la edici\u00f3n de 2026, como en los dos \u00faltimos a\u00f1os, con un programa repleto de actividades.<\/p>\n\n\n\n<p>Todo comenzar\u00e1 con un encuentro de ni\u00f1os y adolescentes. En 2025, el evento reuni\u00f3 a casi 400 estudiantes de San Mart\u00edn y San Bartolom\u00e9 (JSB 1616). El lunes, los estudiantes de San Mart\u00edn ser\u00e1n recibidos en la terminal de ferry de Gustavia alrededor de las 9:45 h, al desembarcar, por sus compa\u00f1eros de San Bartolom\u00e9. \u00a1Con m\u00fasica!<\/p>\n\n\n\n<p>La procesi\u00f3n se dirigir\u00e1 luego hacia la explanada del Museo Casa de la Muralla en Pointe-\u00e0-Pitre, con varias paradas en el camino. Una parada ser\u00e1 en la Plaza de la Retrocesi\u00f3n, donde los visitantes conocer\u00e1n a los alumnos de quinto grado de Gustavia, ataviados con sus trajes de \u00e9poca. Otra parada ser\u00e1 en el Brigantin, el Museo del Patrimonio, seguida de una parada en el Quai Rockefeller para una actividad en el mercado de pescado.<\/p>\n\n\n\n<p>Tras los inevitables discursos oficiales, estudiantes de escuelas de todo Saint-Barth\u00e9lemy interpretar\u00e1n canciones y bailes para celebrar la diversidad, la fraternidad y la apertura al mundo y sus diversas culturas.<\/p>\n\n\n\n<p>Despu\u00e9s del almuerzo, las \u00e1reas de actividades organizadas por las \u00abclases de proyecto\u00bb y diversas asociaciones estar\u00e1n abiertas de 13:30 a 16:00 en la explanada de la Collectivit\u00e9, la esplanade y el Museo Casa de la Muralla, as\u00ed como detr\u00e1s de la biblioteca territorial.<\/p>\n\n\n\n<p>La clase de quinto grado de la Escuela Sainte-Marie de Colombier presentar\u00e1 su trabajo titulado \u00abLa Llama de la Igualdad\u00bb; la clase de educaci\u00f3n especial de la Escuela Secundaria Mireille Choisy explorar\u00e1 el multiculturalismo; C\u00e9line Zitte Questel leer\u00e1 cuentos y relatos en dialecto local; se presentar\u00e1n las creaciones literarias de los ganadores del concurso de J\u00f3venes Escritores de Saint-B&#8217;Art (publicadas en el Journal de Saint-Barth); el grupo Raconte-moi Saint-Barth cantar\u00e1 en dialecto local, seguido de danzas tradicionales portuguesas y haitianas.<\/p>\n\n\n\n<p>Tenga en cuenta que se establecer\u00e1 un per\u00edmetro de seguridad frente al edificio de la Colectividad, el museo, detr\u00e1s de la biblioteca y frente a los ba\u00f1os p\u00fablicos.<\/p>\n","protected":false},"excerpt":{"rendered":"<p>Gustavia, San Bartolom\u00e9, Am\u00e9rica.- Estudiantes de San Mart\u00edn y San Bartolom\u00e9 se reunir\u00e1n durante un&#8230;<\/p>\n","protected":false},"author":1,"featured_media":382324,"comment_status":"open","ping_status":"open","sticky":false,"template":"","format":"standard","meta":{"footnotes":""},"categories":[151],"tags":[],"class_list":["post-382323","post","type-post","status-publish","format-standard","has-post-thumbnail","hentry","category-espectaculos"],"gutentor_comment":0,"_links":{"self":[{"href":"https:\/\/www.elplaneta.mx\/index.php?rest_route=\/wp\/v2\/posts\/382323","targetHints":{"allow":["GET"]}}],"collection":[{"href":"https:\/\/www.elplaneta.mx\/index.php?rest_route=\/wp\/v2\/posts"}],"about":[{"href":"https:\/\/www.elplaneta.mx\/index.php?rest_route=\/wp\/v2\/types\/post"}],"author":[{"embeddable":true,"href":"https:\/\/www.elplaneta.mx\/index.php?rest_route=\/wp\/v2\/users\/1"}],"replies":[{"embeddable":true,"href":"https:\/\/www.elplaneta.mx\/index.php?rest_route=%2Fwp%2Fv2%2Fcomments&post=382323"}],"version-history":[{"count":1,"href":"https:\/\/www.elplaneta.mx\/index.php?rest_route=\/wp\/v2\/posts\/382323\/revisions"}],"predecessor-version":[{"id":382325,"href":"https:\/\/www.elplaneta.mx\/index.php?rest_route=\/wp\/v2\/posts\/382323\/revisions\/382325"}],"wp:featuredmedia":[{"embeddable":true,"href":"https:\/\/www.elplaneta.mx\/index.php?rest_route=\/wp\/v2\/media\/382324"}],"wp:attachment":[{"href":"https:\/\/www.elplaneta.mx\/index.php?rest_route=%2Fwp%2Fv2%2Fmedia&parent=382323"}],"wp:term":[{"taxonomy":"category","embeddable":true,"href":"https:\/\/www.elplaneta.mx\/index.php?rest_route=%2Fwp%2Fv2%2Fcategories&post=382323"},{"taxonomy":"post_tag","embeddable":true,"href":"https:\/\/www.elplaneta.mx\/index.php?rest_route=%2Fwp%2Fv2%2Ftags&post=382323"}],"curies":[{"name":"wp","href":"https:\/\/api.w.org\/{rel}","templated":true}]}}