{"id":382329,"date":"2026-04-27T08:27:55","date_gmt":"2026-04-27T14:27:55","guid":{"rendered":"https:\/\/www.elplaneta.mx\/?p=382329"},"modified":"2026-04-27T08:27:58","modified_gmt":"2026-04-27T14:27:58","slug":"llaman-a-la-moderacion-tras-un-incidente-en-la-central-electrica-de-san-bartolome","status":"publish","type":"post","link":"https:\/\/www.elplaneta.mx\/?p=382329","title":{"rendered":"Llaman a la moderaci\u00f3n tras un incidente en la central el\u00e9ctrica de San Bartolom\u00e9"},"content":{"rendered":"<div class=\"wp-block-image\">\n<figure class=\"alignleft size-full\"><img loading=\"lazy\" decoding=\"async\" width=\"504\" height=\"336\" src=\"https:\/\/www.elplaneta.mx\/wp-content\/themes\/elplaneta\/FOTOS\/27S236746784674.jpg\" alt=\"\" class=\"wp-image-382330\" srcset=\"https:\/\/www.elplaneta.mx\/wp-content\/themes\/elplaneta\/FOTOS\/27S236746784674.jpg 504w, https:\/\/www.elplaneta.mx\/wp-content\/themes\/elplaneta\/FOTOS\/27S236746784674-300x200.jpg 300w\" sizes=\"auto, (max-width: 504px) 100vw, 504px\" \/><\/figure><\/div>\n\n\n<p>Gustavia, San Bartolom\u00e9, Am\u00e9rica.- \u00abNo es nada grave\u00bb. Pierre-Yves Gillot, director de EDF para las Islas del Norte, intent\u00f3 tranquilizar a la poblaci\u00f3n el domingo 26 de abril, poco despu\u00e9s de que EDF Archipel Guadalupe hiciera un llamamiento a la moderaci\u00f3n en las redes sociales al mediod\u00eda.<\/p>\n\n\n\n<p>Esta invitaci\u00f3n a los clientes de EDF a actuar con prudencia se debe a una aver\u00eda detectada ayer, s\u00e1bado 25 de abril, en la central el\u00e9ctrica p\u00fablica. \u00abHay una fuga de agua en uno de los motores grandes, un G8\u00bb, explic\u00f3 el director a la JSB. \u00abYa se detect\u00f3 una debilidad ayer.<\/p>\n\n\n\n<p>Los equipos est\u00e1n trabajando en ello; es cuesti\u00f3n de unas horas\u00bb. La direcci\u00f3n de EDF se ha puesto en contacto con los hoteleros de la isla para pedirles que desconecten sus instalaciones de la red el\u00e9ctrica.<\/p>\n\n\n\n<p>Esto se lograr\u00e1 mediante su propio sistema de generaci\u00f3n de energ\u00eda de reserva. Sin embargo, como se\u00f1ala Pierre-Yves Gillot, ser\u00e1 necesario un consumo moderado por parte de todos los clientes de EDF para evitar que los operadores de las centrales el\u00e9ctricas tengan que implementar cortes de suministro.<\/p>\n\n\n\n<p>Esta moderaci\u00f3n se lograr\u00e1, en particular, mediante un uso m\u00e1s racional del aire acondicionado. \u00abTodo lo que denominamos refrigeraci\u00f3n industrial representa aproximadamente el 30 % del consumo total\u00bb, recuerda el director de EDF Islas del Norte. Bajar la temperatura del aire acondicionado tan solo un grado reduce el consumo en un 10 %, explica.<\/p>\n\n\n\n<p>Adem\u00e1s, la direcci\u00f3n de EDF sugiere otras formas de reducir el consumo: apagar los electrodom\u00e9sticos en modo de espera, limitar el uso de equipos de alto consumo energ\u00e9tico, mantener cerrados los frigor\u00edficos y congeladores, y limitar el uso de tel\u00e9fonos m\u00f3viles.<\/p>\n\n\n\n<p>(San Bartolom\u00e9, es un pa\u00eds en Am\u00e9rica, dependiente de Francia)<\/p>\n","protected":false},"excerpt":{"rendered":"<p>Gustavia, San Bartolom\u00e9, Am\u00e9rica.- \u00abNo es nada grave\u00bb. Pierre-Yves Gillot, director de EDF para las&#8230;<\/p>\n","protected":false},"author":1,"featured_media":382330,"comment_status":"open","ping_status":"open","sticky":false,"template":"","format":"standard","meta":{"footnotes":""},"categories":[139],"tags":[],"class_list":["post-382329","post","type-post","status-publish","format-standard","has-post-thumbnail","hentry","category-continental"],"gutentor_comment":0,"_links":{"self":[{"href":"https:\/\/www.elplaneta.mx\/index.php?rest_route=\/wp\/v2\/posts\/382329","targetHints":{"allow":["GET"]}}],"collection":[{"href":"https:\/\/www.elplaneta.mx\/index.php?rest_route=\/wp\/v2\/posts"}],"about":[{"href":"https:\/\/www.elplaneta.mx\/index.php?rest_route=\/wp\/v2\/types\/post"}],"author":[{"embeddable":true,"href":"https:\/\/www.elplaneta.mx\/index.php?rest_route=\/wp\/v2\/users\/1"}],"replies":[{"embeddable":true,"href":"https:\/\/www.elplaneta.mx\/index.php?rest_route=%2Fwp%2Fv2%2Fcomments&post=382329"}],"version-history":[{"count":1,"href":"https:\/\/www.elplaneta.mx\/index.php?rest_route=\/wp\/v2\/posts\/382329\/revisions"}],"predecessor-version":[{"id":382331,"href":"https:\/\/www.elplaneta.mx\/index.php?rest_route=\/wp\/v2\/posts\/382329\/revisions\/382331"}],"wp:featuredmedia":[{"embeddable":true,"href":"https:\/\/www.elplaneta.mx\/index.php?rest_route=\/wp\/v2\/media\/382330"}],"wp:attachment":[{"href":"https:\/\/www.elplaneta.mx\/index.php?rest_route=%2Fwp%2Fv2%2Fmedia&parent=382329"}],"wp:term":[{"taxonomy":"category","embeddable":true,"href":"https:\/\/www.elplaneta.mx\/index.php?rest_route=%2Fwp%2Fv2%2Fcategories&post=382329"},{"taxonomy":"post_tag","embeddable":true,"href":"https:\/\/www.elplaneta.mx\/index.php?rest_route=%2Fwp%2Fv2%2Ftags&post=382329"}],"curies":[{"name":"wp","href":"https:\/\/api.w.org\/{rel}","templated":true}]}}