{"id":382332,"date":"2026-04-27T08:31:52","date_gmt":"2026-04-27T14:31:52","guid":{"rendered":"https:\/\/www.elplaneta.mx\/?p=382332"},"modified":"2026-04-27T08:31:56","modified_gmt":"2026-04-27T14:31:56","slug":"en-veracruz-cerca-de-300-alumnos-de-psicologia-upav-sin-clases-en-xalapa","status":"publish","type":"post","link":"https:\/\/www.elplaneta.mx\/?p=382332","title":{"rendered":"En Veracruz, cerca de 300 alumnos de Psicolog\u00eda UPAV sin clases en Xalapa"},"content":{"rendered":"<div class=\"wp-block-image\">\n<figure class=\"alignleft size-full\"><img loading=\"lazy\" decoding=\"async\" width=\"515\" height=\"360\" src=\"https:\/\/www.elplaneta.mx\/wp-content\/themes\/elplaneta\/FOTOS\/27V35634685475.jpg\" alt=\"\" class=\"wp-image-382333\" srcset=\"https:\/\/www.elplaneta.mx\/wp-content\/themes\/elplaneta\/FOTOS\/27V35634685475.jpg 515w, https:\/\/www.elplaneta.mx\/wp-content\/themes\/elplaneta\/FOTOS\/27V35634685475-300x210.jpg 300w\" sizes=\"auto, (max-width: 515px) 100vw, 515px\" \/><\/figure><\/div>\n\n\n<p>Xalapa, Veracruz, M\u00e9xico, Am\u00e9rica.- La comunidad estudiantil de la Licenciatura en Psicolog\u00eda Sede Xalapa, de la Universidad Popular Aut\u00f3noma de Veracruz (UPAV) hicieron un llamado al gobierno estatal para la reanudaci\u00f3n de sus clases puesto que, desde el pasado 4 de abril se suspendieron todas las actividades educativas.<\/p>\n\n\n\n<p>Se\u00f1alan que son cerca de 300 alumnos los que no han podido retomar sus estudios ni de manera remota ni presencial, pese a que algunos de ellos est\u00e1n por terminar la carrera.<\/p>\n\n\n\n<p>Recordaron que el 11 de abril, los docentes y administrativos de la sede de Psicolog\u00eda UPAV, entraron en paro laboral ante la falta de respuesta de las autoridades correspondientes para los pagos que se les adeuda y ante la incertidumbre en cuanto a la contrataci\u00f3n de los mismos.<\/p>\n\n\n\n<p>En una carta p\u00fablica, agregan que desde que inici\u00f3 el periodo escolar en curso tomaron clases en l\u00ednea, pero ante el comunicado del paro laboral, todas las actividades acad\u00e9micas se han suspendido quedando todos los estudiantes \u201ca la deriva\u201d entre las acciones realizadas de los docentes para hacer valer sus derechos y la inacci\u00f3n de Rector\u00eda.<\/p>\n\n\n\n<p>&nbsp;&nbsp;&nbsp; \u00abEstamos siendo afectados alrededor de 300 alumnos de distintos niveles, algunos de nosotros prontos a terminar la carrera\u00bb, Carta p\u00fablica de la comunidad estudiantil de la Licenciatura en Psicolog\u00eda Sede Xalapa, de la UPAV<\/p>\n\n\n\n<p>Alumnos protestan junto a docentes<\/p>\n\n\n\n<p>Ante esto, explican que se han organizado y formado un comit\u00e9 estudiantil para exigir a las autoridades correspondientes, su derecho a la educaci\u00f3n.<\/p>\n\n\n\n<p>Como primera acci\u00f3n, precisaron, enviaron un oficio dirigido a Rodolfo Torres Vel\u00e1zquez, rector de la UPAV; a Claudia Tello Espinosa, Secretaria de Educaci\u00f3n de Veracruz; a David Agust\u00edn Jim\u00e9nez Rojas, subsecretario de Educaci\u00f3n Media Superior y Superior del Estado de Veracruz y a la Gobernadora del Estado, Roc\u00edo Nahle Garc\u00eda sin obtener respuestas.<\/p>\n\n\n\n<p>Docentes de la UPAV bloquearon el centro de Xalapa para exigir cumplimiento de pagos<\/p>\n\n\n\n<p>Sus peticiones son la reanudaci\u00f3n inmediata de clases en modalidad presencial.<\/p>\n\n\n\n<p>&nbsp;&nbsp;&nbsp; Un espacio f\u00edsico adecuado.<\/p>\n\n\n\n<p>&nbsp;&nbsp;&nbsp; El cumplimiento de las condiciones bajo las cuales se inscribieron.<\/p>\n\n\n\n<p>&nbsp;&nbsp;&nbsp; El adecuado proceso para los alumnos que est\u00e1n pr\u00f3ximos a concluir sus estudios.<\/p>\n\n\n\n<p>&nbsp;&nbsp;&nbsp; El reconocimiento pleno del semestre en curso, asegurando que no existir\u00e1 afectaci\u00f3n acad\u00e9mica, administrativa ni de trayectoria escolar para los estudiantes.<\/p>\n\n\n\n<p>De lo anterior, se\u00f1alaron que no ha habido respuesta formal, \u201cpor tel\u00e9fono solo se nos explic\u00f3 que deb\u00edamos esperar de cuatro a cinco semanas y volver a llamar\u201d.<\/p>\n\n\n\n<p>Sin embargo, advirtieron que el tiempo avanza, sus clases son de manera sabatina por lo que \u201ces absurdo esperar el tiempo que nos indican pues se ve perjudicada nuestra formaci\u00f3n acad\u00e9mica y profesional; pues no hay clases, pr\u00e1cticas ni asesor\u00edas\u201d.<\/p>\n\n\n\n<p>De ah\u00ed en que su exigencia es que sus derechos sean respetados y que las autoridades cumplan con su obligaci\u00f3n, \u201charemos escuchar nuestra voz y tendr\u00e1n que atendernos\u201d.<\/p>\n\n\n\n<p>\u00bfCu\u00e1l es la situaci\u00f3n de la UPAV?<\/p>\n\n\n\n<p>Desde enero pasado, derivado del Decreto 496, el Gobierno del Estado y la Universidad Popular Aut\u00f3noma de Veracruz (UPAV), asumieron de manera directa la contrataci\u00f3n y el pago de sueldos y salarios del personal docente, directivo y administrativo, con el objetivo, dijeron, de garantizar certidumbre laboral, pagos justos y un marco transparente para toda la comunidad educativa.<\/p>\n\n\n\n<p>Entonces anunciaron que el lunes 26 de enero iniciar\u00edan los procesos de incorporaci\u00f3n laboral del personal operativo, priorizando la integraci\u00f3n de quienes ya prestaban servicio y evitando la duplicidad de funciones.<\/p>\n\n\n\n<p>Dijeron que, se les citar\u00eda a entrevistas, integraci\u00f3n de expedientes y posterior firma de contrato, bajo un esquema de pago quincenal.<\/p>\n\n\n\n<p>En el caso de los directores y acad\u00e9micos, anteriormente denominados asesores y directores solidarios, a partir del martes 3 de febrero se programar\u00edan citas para la entrega de la documentaci\u00f3n requerida.<\/p>\n\n\n\n<p>Se\u00f1alaron que, la contrataci\u00f3n, en caso de proceder, se realizar\u00e1 bajo un esquema de pago mensual que tomar\u00e1 en cuenta el nivel educativo, la profesionalizaci\u00f3n del docente, la zona econ\u00f3mica y la carga acad\u00e9mica asignada.<\/p>\n\n\n\n<p>La reforma realizada el 12 de enero, se\u00f1alaron, \u201cpuso fin al cobro irregular de cuotas por el uso de instalaciones de escuelas p\u00fablicas y asegura la disponibilidad de recursos financieros para el adecuado funcionamiento de la Universidad, fortaleciendo un modelo de educaci\u00f3n media superior y superior p\u00fablica, transparente y orientada al desarrollo social de Veracruz\u201d.<\/p>\n\n\n\n<p>No obstante las quejas ante el incumplimiento de pagos y de condiciones dignas para estudiantes y maestros contin\u00faan hasta ahora.<\/p>\n","protected":false},"excerpt":{"rendered":"<p>Xalapa, Veracruz, M\u00e9xico, Am\u00e9rica.- La comunidad estudiantil de la Licenciatura en Psicolog\u00eda Sede Xalapa, de&#8230;<\/p>\n","protected":false},"author":1,"featured_media":382333,"comment_status":"open","ping_status":"open","sticky":false,"template":"","format":"standard","meta":{"footnotes":""},"categories":[130],"tags":[],"class_list":["post-382332","post","type-post","status-publish","format-standard","has-post-thumbnail","hentry","category-nacional"],"gutentor_comment":0,"_links":{"self":[{"href":"https:\/\/www.elplaneta.mx\/index.php?rest_route=\/wp\/v2\/posts\/382332","targetHints":{"allow":["GET"]}}],"collection":[{"href":"https:\/\/www.elplaneta.mx\/index.php?rest_route=\/wp\/v2\/posts"}],"about":[{"href":"https:\/\/www.elplaneta.mx\/index.php?rest_route=\/wp\/v2\/types\/post"}],"author":[{"embeddable":true,"href":"https:\/\/www.elplaneta.mx\/index.php?rest_route=\/wp\/v2\/users\/1"}],"replies":[{"embeddable":true,"href":"https:\/\/www.elplaneta.mx\/index.php?rest_route=%2Fwp%2Fv2%2Fcomments&post=382332"}],"version-history":[{"count":1,"href":"https:\/\/www.elplaneta.mx\/index.php?rest_route=\/wp\/v2\/posts\/382332\/revisions"}],"predecessor-version":[{"id":382334,"href":"https:\/\/www.elplaneta.mx\/index.php?rest_route=\/wp\/v2\/posts\/382332\/revisions\/382334"}],"wp:featuredmedia":[{"embeddable":true,"href":"https:\/\/www.elplaneta.mx\/index.php?rest_route=\/wp\/v2\/media\/382333"}],"wp:attachment":[{"href":"https:\/\/www.elplaneta.mx\/index.php?rest_route=%2Fwp%2Fv2%2Fmedia&parent=382332"}],"wp:term":[{"taxonomy":"category","embeddable":true,"href":"https:\/\/www.elplaneta.mx\/index.php?rest_route=%2Fwp%2Fv2%2Fcategories&post=382332"},{"taxonomy":"post_tag","embeddable":true,"href":"https:\/\/www.elplaneta.mx\/index.php?rest_route=%2Fwp%2Fv2%2Ftags&post=382332"}],"curies":[{"name":"wp","href":"https:\/\/api.w.org\/{rel}","templated":true}]}}