{"id":382353,"date":"2026-04-27T19:55:52","date_gmt":"2026-04-28T01:55:52","guid":{"rendered":"https:\/\/www.elplaneta.mx\/?p=382353"},"modified":"2026-04-27T19:55:57","modified_gmt":"2026-04-28T01:55:57","slug":"uat-segundo-informe-de-damaso","status":"publish","type":"post","link":"https:\/\/www.elplaneta.mx\/?p=382353","title":{"rendered":"UAT, segundo informe de D\u00e1maso"},"content":{"rendered":"\n<p>Por Felipe Mart\u00ednez Ch\u00e1vez<\/p>\n\n\n\n<p>Cd. Victoria, Tamaulipas- Si no hay cambio de \u00faltima hora, el 29 del presente el Rector de la UAT, D\u00e1maso Anaya Alvarado, rendir\u00e1 su segundo informe de actividades, con logros que no solo \u00e9l sino la comunidad universitaria y los tamaulipecos pueden presumir.<\/p>\n\n\n\n<p>Por primera vez la casa de cultura presenta un crecimiento s\u00f3lido en matricula, diversificaci\u00f3n acad\u00e9mica y expansi\u00f3n en infraestructura.<\/p>\n\n\n\n<p>Atr\u00e1s quedaron las maliciosas versiones de solicitar profesionistas \u201cmenos de la UAT\u201d, como se dec\u00eda en aquellos tiempos del porrismo.<\/p>\n\n\n\n<p>Hacia 2025 la matr\u00edcula creci\u00f3 en m\u00e1s de 12 por ciento en licenciatura, que son 12 nuevas carreras en diversas \u00e1reas seg\u00fan los requerimientos del desarrollo de Tamaulipas.<\/p>\n\n\n\n<p>Avanz\u00f3 85 lugares en el ranking SCImago en Am\u00e9rica Latina, situ\u00e1ndose entre las mejores universidades p\u00fablicas del pa\u00eds.<\/p>\n\n\n\n<p>Con seguridad, en su informe que rendir\u00e1 ante la Asamblea Universitaria, tambi\u00e9n hablar\u00e1 del gran proyecto de construir un hospital universitario en Victoria, que quiere complementar con una facultado de Medicina.<\/p>\n\n\n\n<p>Mientras los pol\u00edticos se miden y compiten en encuestas, coyunturas, grillas, malabarismos y chapulineos, en Rector Anaya construye en un terreno por el que se le recordar\u00e1 por las nuevas generaciones: La educaci\u00f3n universitaria.<\/p>\n\n\n\n<p>Sin estridencias los resultados son medibles: La universidad est\u00e1 creciendo como nunca.<\/p>\n\n\n\n<p>Hay nuevas preparatorias para que ning\u00fan joven se quede si su media superior, nuevas carreras que alinean la oferta educativa con las necesidades de desarrollo regional.<\/p>\n\n\n\n<p>La acreditaci\u00f3n de programas acad\u00e9micos y mantenerse en los mejores rankings nacionales e internacionales implica est\u00e1ndares de calidad, evaluaci\u00f3n constante y sobre todo disciplina institucional.<\/p>\n\n\n\n<p>No cualquiera llega y menos se queda.<\/p>\n\n\n\n<p>Hay mucho de qu\u00e9 habar, como la creaci\u00f3n del Instituto de Inteligencia Artificial y, en lo deportivo el respaldo institucional al equipo de futbol Correcaminos para posicionarlo en los primeros lugares de la Liga de Expansi\u00f3n MX.<\/p>\n\n\n\n<p>No es un simple capricho deportivo, sino&nbsp; estrategia de cohesi\u00f3n social, identidad universitaria y presencia en territorio. El futbol, bien entendido, es escaparate ante la sociedad.<\/p>\n\n\n\n<p>El Rector ha sostenido reuniones con la directiva del club encabezada por el contador Armando Arce Serna, para tratar temas sobre el proyecto del siguiente torneo de Apertura 2026. Habr\u00e1 todo el apoyo y confianza por parte de la m\u00e1xima casa de estudios hacia la directiva naranja.<\/p>\n\n\n\n<p>Est\u00e1 previsto que la ceremonia del informe comience a las 12:00 horas.<\/p>\n\n\n\n<p>Tema aparte, algo debe pasar al ex Gobernador Francisco \u201cN\u201d cuando tiene m\u00e1s de un mes que no hace publicaciones y comentarios en sus redes sociales, cuando antes era \u201cpagadito\u201d y utilizaba triunfalismo y soberbia, am\u00e9n de victimizarse.<\/p>\n\n\n\n<p>No es un simple detalle para quienes analizamos temas pol\u00edticos. Cerrar la boca tambi\u00e9n tiene significados y m\u00e1s cuando fue muy activo y respond\u00f3n \u00bfsabe que perdi\u00f3 las guerra por su libertad?.<\/p>\n\n\n\n<p>Lo \u00faltimo que difundi\u00f3 es la decisi\u00f3n de su partido, el 22 de marzo, de postular a puros ciudadanos a los cargos de elecci\u00f3n popular en 2027, algo que, por cierto, nadie les cree que se vaya a dar en Tamaulipas.<\/p>\n\n\n\n<p>Un d\u00eda antes subi\u00f3 video en que anda de pesca con sus amigos en alg\u00fan lugar del lado gringo (por aquello de que no puede cruzar a M\u00e9xico).<\/p>\n\n\n\n<p>Si \u00e9l mismo se considera pol\u00edtico que saca la carne del asador, a lo que ac\u00e1 le llamamos falta de escr\u00fapulos, bien puede ser un repliegue estrat\u00e9gico.<\/p>\n\n\n\n<p>Bajar su \u201cvolumen\u201d, cerrar la boca, generar menos declaraciones, implica para algunos grillos menos riesgo de que sus declaraciones se puedan usar en su contra \u00bfpausa calculada por recomendaci\u00f3n de sus abogados?.<\/p>\n\n\n\n<p>La otra versi\u00f3n es que est\u00e1 acabado, que sabe que en cualquier rato van por \u00e9l y decidi\u00f3 no meterle m\u00e1s billetes a su defensa. Ya no est\u00e1 en condici\u00f3n de imponer condiciones y prefiere no exponerse a la avalancha de cr\u00edticas que genera.<\/p>\n\n\n\n<p>&nbsp;No se cree que haya cedido la lucha por la dirigencia estatal del PAN para los suyos. Si tiene el control del partido podr\u00e1 imponer a los candidatos a diputados pluris y primeros lugares en planillas de ayuntamientos.<\/p>\n\n\n\n<p>A la militancia local le urge resolver el tema de la convocatoria por el CDE. Sin embargo, el nacional se ocup\u00f3 de la postulaci\u00f3n de candidatos diputados en Coahuila, donde imperar\u00e1 \u201cdedazo\u201d y no ciudadanizaci\u00f3n.<\/p>\n\n\n\n<p>El compromiso es que todos los cargos de elecci\u00f3n ser\u00edan para personas sin militancia azul. La realidad es que la inmensa mayor\u00eda de los agraciados son militantes del partido.<\/p>\n\n\n\n<p>Es lo que con seguridad suceder\u00e1 en Tamaulipas. La competencia se dar\u00e1 entre los seguidores cabecistas y los contras de Don Truco Ver\u00e1stegui.<\/p>\n\n\n\n<p>En su programa radiof\u00f3nico \u201cDi\u00e1logos con Am\u00e9rico\u201d, este domingo el Gobernador Am\u00e9rico Villarreal, hizo un an\u00e1lisis sobre las obras que transforman a Tamaulipas, destacando proyectos que mejoran la calidad de vida de la poblaci\u00f3n.<\/p>\n\n\n\n<p>En San Lunes AVA presidir\u00e1 los honores a la Bandera en la escuela Rep\u00fablica de M\u00e9xico en la colonia San Marcos II, ubicada al pie de la sierra Madre, al poniente de la capital.<\/p>\n","protected":false},"excerpt":{"rendered":"<p>Por Felipe Mart\u00ednez Ch\u00e1vez Cd. Victoria, Tamaulipas- Si no hay cambio de \u00faltima hora, el&#8230;<\/p>\n","protected":false},"author":1,"featured_media":0,"comment_status":"open","ping_status":"open","sticky":false,"template":"","format":"standard","meta":{"footnotes":""},"categories":[5],"tags":[],"class_list":["post-382353","post","type-post","status-publish","format-standard","hentry","category-opinion"],"gutentor_comment":0,"_links":{"self":[{"href":"https:\/\/www.elplaneta.mx\/index.php?rest_route=\/wp\/v2\/posts\/382353","targetHints":{"allow":["GET"]}}],"collection":[{"href":"https:\/\/www.elplaneta.mx\/index.php?rest_route=\/wp\/v2\/posts"}],"about":[{"href":"https:\/\/www.elplaneta.mx\/index.php?rest_route=\/wp\/v2\/types\/post"}],"author":[{"embeddable":true,"href":"https:\/\/www.elplaneta.mx\/index.php?rest_route=\/wp\/v2\/users\/1"}],"replies":[{"embeddable":true,"href":"https:\/\/www.elplaneta.mx\/index.php?rest_route=%2Fwp%2Fv2%2Fcomments&post=382353"}],"version-history":[{"count":1,"href":"https:\/\/www.elplaneta.mx\/index.php?rest_route=\/wp\/v2\/posts\/382353\/revisions"}],"predecessor-version":[{"id":382354,"href":"https:\/\/www.elplaneta.mx\/index.php?rest_route=\/wp\/v2\/posts\/382353\/revisions\/382354"}],"wp:attachment":[{"href":"https:\/\/www.elplaneta.mx\/index.php?rest_route=%2Fwp%2Fv2%2Fmedia&parent=382353"}],"wp:term":[{"taxonomy":"category","embeddable":true,"href":"https:\/\/www.elplaneta.mx\/index.php?rest_route=%2Fwp%2Fv2%2Fcategories&post=382353"},{"taxonomy":"post_tag","embeddable":true,"href":"https:\/\/www.elplaneta.mx\/index.php?rest_route=%2Fwp%2Fv2%2Ftags&post=382353"}],"curies":[{"name":"wp","href":"https:\/\/api.w.org\/{rel}","templated":true}]}}