{"id":382361,"date":"2026-04-27T20:16:27","date_gmt":"2026-04-28T02:16:27","guid":{"rendered":"https:\/\/www.elplaneta.mx\/?p=382361"},"modified":"2026-04-27T21:11:08","modified_gmt":"2026-04-28T03:11:08","slug":"protestan-con-cierre-de-carreteras-en-bolivia-contra-escasez-de-combustible","status":"publish","type":"post","link":"https:\/\/www.elplaneta.mx\/?p=382361","title":{"rendered":"Protestan con cierre de carreteras en Bolivia, contra escasez de combustible"},"content":{"rendered":"<div class=\"wp-block-image\">\n<figure class=\"alignleft size-full is-resized\"><img loading=\"lazy\" decoding=\"async\" width=\"600\" height=\"399\" src=\"https:\/\/www.elplaneta.mx\/wp-content\/themes\/elplaneta\/FOTOS\/27B35346894786677.jpg\" alt=\"\" class=\"wp-image-382362\" style=\"width:468px;height:auto\" srcset=\"https:\/\/www.elplaneta.mx\/wp-content\/themes\/elplaneta\/FOTOS\/27B35346894786677.jpg 600w, https:\/\/www.elplaneta.mx\/wp-content\/themes\/elplaneta\/FOTOS\/27B35346894786677-300x200.jpg 300w\" sizes=\"auto, (max-width: 600px) 100vw, 600px\" \/><\/figure><\/div>\n\n\n<p>La Paz, Bolivia, Am\u00e9rica.- Varias carreteras que vinculan a La Paz con el resto de Bolivia amanecieron cortadas este lunes por protestas contra la escasez de combustible y otras demandas en uno de los momentos m\u00e1s complicados para Rodrigo Paz desde que asumi\u00f3 la presidencia hace seis meses.<\/p>\n\n\n\n<p>Las largas filas para conseguir gasolina y di\u00e9sel que marcaron el declive del gobierno del izquierdista Luis Arce (2020-2025) regresaron en los \u00faltimos d\u00edas, a lo que se suma provisi\u00f3n de gasolina de mala calidad que ha afectado a transportistas que exigen un resarcimiento, dijo el dirigente del gremio Hern\u00e1n Aguirre.<\/p>\n\n\n\n<p>La crisis de los hidrocarburos ya provoc\u00f3 la renuncia del ministro del \u00e1rea y de dos presidentes de la petrolera estatal encargada de la importaci\u00f3n.<\/p>\n\n\n\n<p>En tanto, maestros p\u00fablicos reclaman aumentos salariales, los mineros tambi\u00e9n han convocado protestas y una marcha de campesinos e ind\u00edgenas se dirige a La Paz exigiendo que se respeten sus tierras. Los salubristas tambi\u00e9n se han declarado en huelga por salarios impagos y desabastecimiento de medicamentos.<\/p>\n\n\n\n<p>Por su parte, la Central Obrera Boliviana (COB) llam\u00f3 a un cabildo el viernes para iniciar movilizaciones y reclama un aumento salarial del 20 por ciento que el ministro de Econom\u00eda, Jos\u00e9 Gabriel Espinoza, calific\u00f3 de \u201cinviable\u201d.<\/p>\n\n\n\n<p>\u201cEs un momento complicado para Rodrigo Paz. La crisis de los combustibles est\u00e1 calentando la insatisfacci\u00f3n social y las reformas econ\u00f3micas prometidas est\u00e1n demoradas\u201d, opin\u00f3 el profesor de Ciencias Pol\u00edticas, Franklin Pareja. El gobierno tom\u00f3 como base un precio de 64 d\u00f3lares por barril de petr\u00f3leo para la importaci\u00f3n de combustible en el presupuesto nacional, pero la guerra en Medio Oriente ha disparado los precios, acot\u00f3.<\/p>\n\n\n\n<p>Para solventar la peor crisis econ\u00f3mica de las \u00faltimas cuatro d\u00e9cadas, Paz orden\u00f3, poco despu\u00e9s de asumir en noviembre, la eliminaci\u00f3n del hist\u00f3rico subsidio a los combustibles, lo que ayud\u00f3 a estabilizar la moneda y mejorar la confianza de los inversores. Pero tambi\u00e9n elev\u00f3 los costos del transporte y presion\u00f3 el presupuesto familiar en un pa\u00eds que enfrenta una inflaci\u00f3n anual cercana a 20 por ciento.<\/p>\n\n\n\n<p>Paz tambi\u00e9n lanz\u00f3 medidas compensatorias al alza en el costo de vida como un bono para madres, ni\u00f1os y ancianos y un aumento del salario b\u00e1sico de 20 por ciento que lo gremios consideran insuficiente.<\/p>\n\n\n\n<p>\u201cBolivia requiere un cambio y yo no tengo miedo a las movilizaciones sociales, la democracia creci\u00f3 con marchas\u201d, dijo el mandatario el fin de semana.<\/p>\n\n\n\n<p>A la incertidumbre econ\u00f3mica se suma un creciente clima de inseguridad tras el asesinato el fin de semana en distintos hechos de tres personas en la regi\u00f3n oriental de Santa Cruz, donde operan bandas del narcotr\u00e1fico.<\/p>\n","protected":false},"excerpt":{"rendered":"<p>La Paz, Bolivia, Am\u00e9rica.- Varias carreteras que vinculan a La Paz con el resto de&#8230;<\/p>\n","protected":false},"author":1,"featured_media":382362,"comment_status":"open","ping_status":"open","sticky":false,"template":"","format":"standard","meta":{"footnotes":""},"categories":[139],"tags":[],"class_list":["post-382361","post","type-post","status-publish","format-standard","has-post-thumbnail","hentry","category-continental"],"gutentor_comment":0,"_links":{"self":[{"href":"https:\/\/www.elplaneta.mx\/index.php?rest_route=\/wp\/v2\/posts\/382361","targetHints":{"allow":["GET"]}}],"collection":[{"href":"https:\/\/www.elplaneta.mx\/index.php?rest_route=\/wp\/v2\/posts"}],"about":[{"href":"https:\/\/www.elplaneta.mx\/index.php?rest_route=\/wp\/v2\/types\/post"}],"author":[{"embeddable":true,"href":"https:\/\/www.elplaneta.mx\/index.php?rest_route=\/wp\/v2\/users\/1"}],"replies":[{"embeddable":true,"href":"https:\/\/www.elplaneta.mx\/index.php?rest_route=%2Fwp%2Fv2%2Fcomments&post=382361"}],"version-history":[{"count":1,"href":"https:\/\/www.elplaneta.mx\/index.php?rest_route=\/wp\/v2\/posts\/382361\/revisions"}],"predecessor-version":[{"id":382363,"href":"https:\/\/www.elplaneta.mx\/index.php?rest_route=\/wp\/v2\/posts\/382361\/revisions\/382363"}],"wp:featuredmedia":[{"embeddable":true,"href":"https:\/\/www.elplaneta.mx\/index.php?rest_route=\/wp\/v2\/media\/382362"}],"wp:attachment":[{"href":"https:\/\/www.elplaneta.mx\/index.php?rest_route=%2Fwp%2Fv2%2Fmedia&parent=382361"}],"wp:term":[{"taxonomy":"category","embeddable":true,"href":"https:\/\/www.elplaneta.mx\/index.php?rest_route=%2Fwp%2Fv2%2Fcategories&post=382361"},{"taxonomy":"post_tag","embeddable":true,"href":"https:\/\/www.elplaneta.mx\/index.php?rest_route=%2Fwp%2Fv2%2Ftags&post=382361"}],"curies":[{"name":"wp","href":"https:\/\/api.w.org\/{rel}","templated":true}]}}