{"id":382364,"date":"2026-04-27T20:20:28","date_gmt":"2026-04-28T02:20:28","guid":{"rendered":"https:\/\/www.elplaneta.mx\/?p=382364"},"modified":"2026-04-27T20:20:32","modified_gmt":"2026-04-28T02:20:32","slug":"arranca-designacion-de-coordinadores-de-morena-para-el-2027","status":"publish","type":"post","link":"https:\/\/www.elplaneta.mx\/?p=382364","title":{"rendered":"Arranca designaci\u00f3n de coordinadores de morena para el 2027"},"content":{"rendered":"\n<p>Por: Alejandro Govea Torres<\/p>\n\n\n\n<p>&nbsp;&nbsp;&nbsp;&nbsp;&nbsp;&nbsp;&nbsp;&nbsp; A pesar de que hay un calendario establecido para la designaci\u00f3n de coordinadores estatales, municipales y distritales de Morena para la elecci\u00f3n del 2027, la controvertida gobernadora de Campeche, Layda Sansores Sanrom\u00e1n, \u201calborot\u00f3 la gallera\u201d la semana pasada luego de anunciar que Pablo Gonz\u00e1lez Lazarus, actual alcalde del municipio del Carmen, fue designado coordinador estatal en defensa de la llamada cuarta transformaci\u00f3n en aquella entidad.<\/p>\n\n\n\n<p>&nbsp;&nbsp;&nbsp;&nbsp;&nbsp;&nbsp;&nbsp;&nbsp; Gonz\u00e1lez Lazarus, distinguido expanista, se convirti\u00f3 de hecho en el \u201cdelf\u00edn\u201d de la gobernadora Sansores Sanrom\u00e1n, puesto que durante la asamblea estatal de Morena no se present\u00f3 nadie m\u00e1s a pesar de que la actual Secretaria de Gobierno de Campeche, Elisa Hern\u00e1ndez Romero, tambi\u00e9n aspiraba a obtener este cargo, que es el pre\u00e1mbulo para obtener la nominaci\u00f3n morenista a la gubernatura.<\/p>\n\n\n\n<p>&nbsp;&nbsp;&nbsp;&nbsp;&nbsp;&nbsp;&nbsp;&nbsp; Muchos de los presentes en el \u201cdestape anticipado\u201d de Gonz\u00e1lez Lazarus, recordaron la declaraci\u00f3n que hizo la gobernadora Sansores Sanrom\u00e1n a mediados de marzo cuando asever\u00f3 que: \u201cPara ser candidato tienes que ser narco o tener muchos padrinos, ya no puede ser cualquiera\u201d.<\/p>\n\n\n\n<p>&nbsp;&nbsp;&nbsp;&nbsp;&nbsp;&nbsp;&nbsp;&nbsp; Seguramente en los pr\u00f3ximos d\u00edas habr\u00e1 m\u00e1s designaciones de coordinadores estatales de Morena para la elecci\u00f3n del 2027, que es una burda maniobra para evitar que los acusen de actos anticipados de campa\u00f1a, pero este retorcido m\u00e9todo servir\u00e1 para placear a quienes se convertir\u00e1n en candidatas o candidatos para el pr\u00f3ximo a\u00f1o.<\/p>\n\n\n\n<p>&nbsp;&nbsp;&nbsp;&nbsp;&nbsp;&nbsp;&nbsp;&nbsp; Se comenta que la senadora con licencia Andrea Ch\u00e1vez Trevi\u00f1o podr\u00eda ser designada coordinadora estatal en defensa de la cuarta transformaci\u00f3n en Chihuahua, sin embargo, est\u00e1 en duda que sea nominada no s\u00f3lo por el hecho de que tiene un avanzado embarazo, sino tambi\u00e9n porque hay otros morenistas que buscan este cargo partidista, como es el caso de Cruz P\u00e9rez Cuellar, alcalde de Ciudad Ju\u00e1rez.<\/p>\n\n\n\n<p>&nbsp;&nbsp;&nbsp;&nbsp;&nbsp;&nbsp;&nbsp;&nbsp; De igual forma, el senador Waldo Fern\u00e1ndez Gonz\u00e1lez podr\u00eda ser designado coordinador estatal para la defensa de la cuarta transformaci\u00f3n en Nuevo Le\u00f3n, sobre todo despu\u00e9s de ganar la demanda que present\u00f3 en contra de Karina Barr\u00f3n Perales, funcionaria del gobierno municipal de Monterrey, por el delito de falsedad de declaraciones y extorsi\u00f3n.<\/p>\n\n\n\n<p>&nbsp;&nbsp;&nbsp;&nbsp;&nbsp;&nbsp;&nbsp;&nbsp; Tampoco se puede descartar a la actual senadora Luc\u00eda Trasvi\u00f1a Waldenrath de Baja California Sur, puesto que la controvertida legisladora defiende a ultranza a la llamada cuarta transformaci\u00f3n en la c\u00e1mara alta del Congreso de la Uni\u00f3n, incluso ha utilizado en varias ocasiones lenguaje soez para descalificar a la oposici\u00f3n.<\/p>\n\n\n\n<p>&nbsp;&nbsp;&nbsp;&nbsp;&nbsp;&nbsp;&nbsp;&nbsp; En el caso de Tamaulipas, seguramente la dirigente estatal de Morena, Mar\u00eda Guadalupe G\u00f3mez N\u00fa\u00f1ez, prepara un an\u00e1lisis de los posibles coordinadores distritales federales y locales, as\u00ed como los municipales para la elecci\u00f3n del 2027 ahora que sea designada la nueva dirigente nacional de Morena en lugar de Luisa Mar\u00eda Alcalde Luj\u00e1n, quien luego de hacerse la \u201cremolona\u201d acept\u00f3 el cargo de titular de la Consejer\u00eda Jur\u00eddica de la presidencia de la rep\u00fablica.<\/p>\n\n\n\n<p>&nbsp;&nbsp;&nbsp;&nbsp;&nbsp;&nbsp;&nbsp;&nbsp; A prop\u00f3sito, el pr\u00f3ximo 3 de mayo se reunir\u00e1 el Consejo Nacional de Morena para designar a la nueva dirigente nacional, que seguramente ser\u00e1 Ariadna Montiel Reyes, quien en las pr\u00f3ximas horas solicitar\u00e1 licencia como titular de la Secretar\u00eda de Bienestar Social (Sebien) para hacer mancuerna con la actual presidenta de la Comisi\u00f3n Nacional de Elecciones, Citlalli Hern\u00e1ndez Mora.<\/p>\n\n\n\n<p>&nbsp;&nbsp;&nbsp;&nbsp;&nbsp;&nbsp;&nbsp;&nbsp; De regreso con la dirigente estatal de Morena, Lupita N\u00fa\u00f1ez, como le gusta que le digan, tiene en cuenta el calendario que se aprob\u00f3 en la pasada Sesi\u00f3n Ordinaria del Consejo Nacional del partido guinda, ya que deber\u00e1n estar definidos los perfiles de quienes ser\u00e1n los coordinadores distritales federales para el 3 de agosto, en tanto que los perfiles de los coordinadores municipales tendr\u00e1 que estar listo para el 21 de septiembre y los perfiles de los coordinadores distritales locales para el 8 de noviembre.<\/p>\n\n\n\n<p>&nbsp;&nbsp;&nbsp;&nbsp;&nbsp;&nbsp;&nbsp;&nbsp; En otro tema, todo est\u00e1 listo para que el rector D\u00e1maso Anaya Alvarado rinda su Segundo Informe de Actividades, que se llevar\u00e1 a cabo este mi\u00e9rcoles 29 de abril a las 12 horas, en cuyo evento estar\u00e1 acompa\u00f1ado por el gobernador Am\u00e9rico Villarreal Anaya, entre otras autoridades.<\/p>\n\n\n\n<p>&nbsp;&nbsp;&nbsp;&nbsp;&nbsp;&nbsp;&nbsp;&nbsp; Entre los logros alcanzados en el 2025, destaca la acreditaci\u00f3n del 100% de los programas de licenciatura, que coloca a la UAT entre las dos \u00fanicas universidades del pa\u00eds en alcanzar este indicador.<\/p>\n\n\n\n<p>&nbsp;&nbsp;&nbsp;&nbsp;&nbsp;&nbsp;&nbsp;&nbsp; Asimismo, cabe destacar que un total de 41 programas de posgrado est\u00e1n acreditados en el padr\u00f3n nacional de la Secretar\u00eda de Ciencia, Humanidades, Tecnolog\u00eda e Innovaci\u00f3n (Secihti), que encabeza Rosaura Ruiz Guti\u00e9rrez.<\/p>\n\n\n\n<p>&nbsp;&nbsp;&nbsp;&nbsp;&nbsp;&nbsp;&nbsp;&nbsp; Adem\u00e1s, la UAT tiene alrededor de 500 docentes en el Sistema Nacional de Investigadores, lo que refleja un avance significativo en la labor desarrollada en investigaci\u00f3n cient\u00edfica y tecnol\u00f3gica.<\/p>\n\n\n\n<p>&nbsp;&nbsp;&nbsp;&nbsp;&nbsp;&nbsp;&nbsp;&nbsp; De igual forma, en los programas de movilidad acad\u00e9mica durante el 2025 destaca el hecho de que m\u00e1s de 300 estudiantes participaron en intercambios internacionales, reflejando el inter\u00e9s por ser part\u00edcipes en el cambio global.<\/p>\n\n\n\n<p>&nbsp;&nbsp;&nbsp;&nbsp;&nbsp;&nbsp;&nbsp;&nbsp; Y no pueden faltar los logros alcanzados en materia deportiva durante el a\u00f1o pasado, puesto que se lograron obtener 30 medallas en los campeonatos deportivos nacionales que organiz\u00f3 la Asociaci\u00f3n Nacional de Universidades e Instituciones de Educaci\u00f3n Superior (ANUIES) 2025.<\/p>\n\n\n\n<p>Correo electr\u00f3nico: jagovea_53@yahoo.com<\/p>\n","protected":false},"excerpt":{"rendered":"<p>Por: Alejandro Govea Torres &nbsp;&nbsp;&nbsp;&nbsp;&nbsp;&nbsp;&nbsp;&nbsp; A pesar de que hay un calendario establecido para la&#8230;<\/p>\n","protected":false},"author":1,"featured_media":0,"comment_status":"open","ping_status":"open","sticky":false,"template":"","format":"standard","meta":{"footnotes":""},"categories":[5],"tags":[],"class_list":["post-382364","post","type-post","status-publish","format-standard","hentry","category-opinion"],"gutentor_comment":0,"_links":{"self":[{"href":"https:\/\/www.elplaneta.mx\/index.php?rest_route=\/wp\/v2\/posts\/382364","targetHints":{"allow":["GET"]}}],"collection":[{"href":"https:\/\/www.elplaneta.mx\/index.php?rest_route=\/wp\/v2\/posts"}],"about":[{"href":"https:\/\/www.elplaneta.mx\/index.php?rest_route=\/wp\/v2\/types\/post"}],"author":[{"embeddable":true,"href":"https:\/\/www.elplaneta.mx\/index.php?rest_route=\/wp\/v2\/users\/1"}],"replies":[{"embeddable":true,"href":"https:\/\/www.elplaneta.mx\/index.php?rest_route=%2Fwp%2Fv2%2Fcomments&post=382364"}],"version-history":[{"count":1,"href":"https:\/\/www.elplaneta.mx\/index.php?rest_route=\/wp\/v2\/posts\/382364\/revisions"}],"predecessor-version":[{"id":382365,"href":"https:\/\/www.elplaneta.mx\/index.php?rest_route=\/wp\/v2\/posts\/382364\/revisions\/382365"}],"wp:attachment":[{"href":"https:\/\/www.elplaneta.mx\/index.php?rest_route=%2Fwp%2Fv2%2Fmedia&parent=382364"}],"wp:term":[{"taxonomy":"category","embeddable":true,"href":"https:\/\/www.elplaneta.mx\/index.php?rest_route=%2Fwp%2Fv2%2Fcategories&post=382364"},{"taxonomy":"post_tag","embeddable":true,"href":"https:\/\/www.elplaneta.mx\/index.php?rest_route=%2Fwp%2Fv2%2Ftags&post=382364"}],"curies":[{"name":"wp","href":"https:\/\/api.w.org\/{rel}","templated":true}]}}