{"id":382369,"date":"2026-04-27T20:39:58","date_gmt":"2026-04-28T02:39:58","guid":{"rendered":"https:\/\/www.elplaneta.mx\/?p=382369"},"modified":"2026-04-27T21:10:18","modified_gmt":"2026-04-28T03:10:18","slug":"hallan-muerto-al-ultimo-trabajador-sepultado-en-la-mina-santa-fe-sinaloa","status":"publish","type":"post","link":"https:\/\/www.elplaneta.mx\/?p=382369","title":{"rendered":"Hallan muerto al \u00faltimo trabajador sepultado en la mina Santa Fe, Sinaloa"},"content":{"rendered":"<div class=\"wp-block-image\">\n<figure class=\"alignleft size-full\"><img loading=\"lazy\" decoding=\"async\" width=\"507\" height=\"342\" src=\"https:\/\/www.elplaneta.mx\/wp-content\/themes\/elplaneta\/FOTOS\/27S364678575.jpeg\" alt=\"\" class=\"wp-image-382370\" srcset=\"https:\/\/www.elplaneta.mx\/wp-content\/themes\/elplaneta\/FOTOS\/27S364678575.jpeg 507w, https:\/\/www.elplaneta.mx\/wp-content\/themes\/elplaneta\/FOTOS\/27S364678575-300x202.jpeg 300w\" sizes=\"auto, (max-width: 507px) 100vw, 507px\" \/><\/figure><\/div>\n\n\n<p>Culiac\u00e1n, Sinaloa, M\u00e9xico, Am\u00e9rica.- Luego de 33 d\u00edas de esfuerzos continuos por parte de brigadistas y fuerzas federales, se confirm\u00f3 la localizaci\u00f3n sin vida del cuarto y \u00faltimo trabajador que permanec\u00eda atrapado en la mina Santa Fe, ubicada en el municipio de El Rosario, Sinaloa.<\/p>\n\n\n\n<p>El hallazgo ocurri\u00f3 por la madrugada de este lunes a las 2:15 horas, con lo cual se pone fin a una extenuante jornada de rescate que comenz\u00f3 tras el colapso del yacimiento el pasado 25 de marzo.<\/p>\n\n\n\n<p>La v\u00edctima fue identificada como Leandro Isidro Beltr\u00e1n Res\u00e9ndiz, de 54 a\u00f1os y originario de Zimap\u00e1n, Hidalgo.<\/p>\n\n\n\n<p>Una vez encontrado esta empleado, la Fiscal\u00eda General del Estado de Sinaloa fue notificada para iniciar los procesos de peritaje y recuperaci\u00f3n de los restos.<\/p>\n\n\n\n<p>El incidente que provoc\u00f3 su fallecimiento y el de otro compa\u00f1ero fue ocasionado originalmente por la falla de una presa de jales, estructura que colaps\u00f3 vertiendo lodo y escombros hacia el interior de las galer\u00edas donde laboraba el personal.<\/p>\n\n\n\n<p>Adem\u00e1s, pese a que el hecho sucedi\u00f3 el 25 de marzo, este fue reportado a las autoridades hasta el otro d\u00eda, por lo que nuevamente, est\u00e1 sobre la mesa la discusi\u00f3n acerca de la seguridad en las presas de jales y la infraestructura hidr\u00e1ulica en las zonas mineras del territorio nacional.<\/p>\n\n\n\n<p>Para lograr el acceso hasta el punto donde se encontraba Beltr\u00e1n Res\u00e9ndiz, fue necesaria la intervenci\u00f3n de 389 elementos pertenecientes a la Secretar\u00eda de la Defensa Nacional (Defensa), la Secretar\u00eda de Marina (Semar), la Comisi\u00f3n Federal de Electricidad (CFE) y personal especializado de Protecci\u00f3n Civil, tanto estatal como federal.<\/p>\n\n\n\n<p>En total, las operaciones de b\u00fasqueda sumaron 783 horas de trabajo ininterrumpido bajo condiciones de alta complejidad t\u00e9cnica y f\u00edsica.<\/p>\n","protected":false},"excerpt":{"rendered":"<p>Culiac\u00e1n, Sinaloa, M\u00e9xico, Am\u00e9rica.- Luego de 33 d\u00edas de esfuerzos continuos por parte de brigadistas&#8230;<\/p>\n","protected":false},"author":1,"featured_media":382370,"comment_status":"open","ping_status":"open","sticky":false,"template":"","format":"standard","meta":{"footnotes":""},"categories":[130],"tags":[],"class_list":["post-382369","post","type-post","status-publish","format-standard","has-post-thumbnail","hentry","category-nacional"],"gutentor_comment":0,"_links":{"self":[{"href":"https:\/\/www.elplaneta.mx\/index.php?rest_route=\/wp\/v2\/posts\/382369","targetHints":{"allow":["GET"]}}],"collection":[{"href":"https:\/\/www.elplaneta.mx\/index.php?rest_route=\/wp\/v2\/posts"}],"about":[{"href":"https:\/\/www.elplaneta.mx\/index.php?rest_route=\/wp\/v2\/types\/post"}],"author":[{"embeddable":true,"href":"https:\/\/www.elplaneta.mx\/index.php?rest_route=\/wp\/v2\/users\/1"}],"replies":[{"embeddable":true,"href":"https:\/\/www.elplaneta.mx\/index.php?rest_route=%2Fwp%2Fv2%2Fcomments&post=382369"}],"version-history":[{"count":1,"href":"https:\/\/www.elplaneta.mx\/index.php?rest_route=\/wp\/v2\/posts\/382369\/revisions"}],"predecessor-version":[{"id":382371,"href":"https:\/\/www.elplaneta.mx\/index.php?rest_route=\/wp\/v2\/posts\/382369\/revisions\/382371"}],"wp:featuredmedia":[{"embeddable":true,"href":"https:\/\/www.elplaneta.mx\/index.php?rest_route=\/wp\/v2\/media\/382370"}],"wp:attachment":[{"href":"https:\/\/www.elplaneta.mx\/index.php?rest_route=%2Fwp%2Fv2%2Fmedia&parent=382369"}],"wp:term":[{"taxonomy":"category","embeddable":true,"href":"https:\/\/www.elplaneta.mx\/index.php?rest_route=%2Fwp%2Fv2%2Fcategories&post=382369"},{"taxonomy":"post_tag","embeddable":true,"href":"https:\/\/www.elplaneta.mx\/index.php?rest_route=%2Fwp%2Fv2%2Ftags&post=382369"}],"curies":[{"name":"wp","href":"https:\/\/api.w.org\/{rel}","templated":true}]}}