{"id":382380,"date":"2026-04-27T21:08:40","date_gmt":"2026-04-28T03:08:40","guid":{"rendered":"https:\/\/www.elplaneta.mx\/?p=382380"},"modified":"2026-04-27T21:08:43","modified_gmt":"2026-04-28T03:08:43","slug":"tres-explosiones-suceden-cerca-al-aeropuerto-internacional-de-la-capital-de-mauritania","status":"publish","type":"post","link":"https:\/\/www.elplaneta.mx\/?p=382380","title":{"rendered":"Tres explosiones suceden cerca al Aeropuerto Internacional de la capital de Mauritania"},"content":{"rendered":"<div class=\"wp-block-image\">\n<figure class=\"alignleft size-full\"><img loading=\"lazy\" decoding=\"async\" width=\"640\" height=\"422\" src=\"https:\/\/www.elplaneta.mx\/wp-content\/themes\/elplaneta\/FOTOS\/27M34654686.jpg\" alt=\"\" class=\"wp-image-382381\" srcset=\"https:\/\/www.elplaneta.mx\/wp-content\/themes\/elplaneta\/FOTOS\/27M34654686.jpg 640w, https:\/\/www.elplaneta.mx\/wp-content\/themes\/elplaneta\/FOTOS\/27M34654686-300x198.jpg 300w\" sizes=\"auto, (max-width: 640px) 100vw, 640px\" \/><\/figure><\/div>\n\n\n<p>Nuakchot, Mauritania, \u00c1frica.- Fuentes locales informaron haber escuchado explosiones y disparos cerca del aeropuerto internacional de Bamako, al sur de la capital maliense, esta madrugada.<\/p>\n\n\n\n<p>Las fuentes indicaron que se registraron tres fuertes explosiones, seguidas de intensos disparos cerca del Aeropuerto Internacional de Seyni, sin confirmaci\u00f3n oficial inmediata sobre la naturaleza del incidente ni la magnitud de los da\u00f1os.<\/p>\n\n\n\n<p>Las fuentes a\u00f1adieron que se observaron helic\u00f3pteros y drones sobrevolando extensamente la zona del aeropuerto, como parte de operaciones de seguridad que se cree est\u00e1n relacionadas con el ataque.<\/p>\n\n\n\n<p>Si bien ning\u00fan grupo se ha atribuido la responsabilidad, fuentes de seguridad locales sugirieron que las Brigadas Macina, el ala m\u00e1s poderosa del grupo Jama&#8217;at Nusrat al-Islam wal-Muslimin (JNIM), estaban detr\u00e1s del ataque, se\u00f1alando que las fuerzas malienses estaban respondiendo al ataque en la zona.<\/p>\n\n\n\n<p>Las autoridades malienses no se han pronunciado sobre el incidente.<\/p>\n","protected":false},"excerpt":{"rendered":"<p>Nuakchot, Mauritania, \u00c1frica.- Fuentes locales informaron haber escuchado explosiones y disparos cerca del aeropuerto internacional&#8230;<\/p>\n","protected":false},"author":1,"featured_media":382381,"comment_status":"open","ping_status":"open","sticky":false,"template":"","format":"standard","meta":{"footnotes":""},"categories":[4],"tags":[],"class_list":["post-382380","post","type-post","status-publish","format-standard","has-post-thumbnail","hentry","category-local"],"gutentor_comment":0,"_links":{"self":[{"href":"https:\/\/www.elplaneta.mx\/index.php?rest_route=\/wp\/v2\/posts\/382380","targetHints":{"allow":["GET"]}}],"collection":[{"href":"https:\/\/www.elplaneta.mx\/index.php?rest_route=\/wp\/v2\/posts"}],"about":[{"href":"https:\/\/www.elplaneta.mx\/index.php?rest_route=\/wp\/v2\/types\/post"}],"author":[{"embeddable":true,"href":"https:\/\/www.elplaneta.mx\/index.php?rest_route=\/wp\/v2\/users\/1"}],"replies":[{"embeddable":true,"href":"https:\/\/www.elplaneta.mx\/index.php?rest_route=%2Fwp%2Fv2%2Fcomments&post=382380"}],"version-history":[{"count":1,"href":"https:\/\/www.elplaneta.mx\/index.php?rest_route=\/wp\/v2\/posts\/382380\/revisions"}],"predecessor-version":[{"id":382382,"href":"https:\/\/www.elplaneta.mx\/index.php?rest_route=\/wp\/v2\/posts\/382380\/revisions\/382382"}],"wp:featuredmedia":[{"embeddable":true,"href":"https:\/\/www.elplaneta.mx\/index.php?rest_route=\/wp\/v2\/media\/382381"}],"wp:attachment":[{"href":"https:\/\/www.elplaneta.mx\/index.php?rest_route=%2Fwp%2Fv2%2Fmedia&parent=382380"}],"wp:term":[{"taxonomy":"category","embeddable":true,"href":"https:\/\/www.elplaneta.mx\/index.php?rest_route=%2Fwp%2Fv2%2Fcategories&post=382380"},{"taxonomy":"post_tag","embeddable":true,"href":"https:\/\/www.elplaneta.mx\/index.php?rest_route=%2Fwp%2Fv2%2Ftags&post=382380"}],"curies":[{"name":"wp","href":"https:\/\/api.w.org\/{rel}","templated":true}]}}