{"id":382386,"date":"2026-04-28T06:52:03","date_gmt":"2026-04-28T12:52:03","guid":{"rendered":"https:\/\/www.elplaneta.mx\/?p=382386"},"modified":"2026-04-28T06:52:12","modified_gmt":"2026-04-28T12:52:12","slug":"en-ciudad-de-mexico-cambio-de-nombre-de-colonia-aumente-50-por-ciento-los-costos","status":"publish","type":"post","link":"https:\/\/www.elplaneta.mx\/?p=382386","title":{"rendered":"En Ciudad de M\u00e9xico, cambio de nombre de Colonia, aumente 50 por ciento los costos"},"content":{"rendered":"<div class=\"wp-block-image\">\n<figure class=\"alignleft size-large is-resized\"><img loading=\"lazy\" decoding=\"async\" width=\"1024\" height=\"622\" src=\"https:\/\/www.elplaneta.mx\/wp-content\/themes\/elplaneta\/FOTOS\/28C346495684785-1024x622.jpeg\" alt=\"\" class=\"wp-image-382387\" style=\"width:477px;height:auto\" srcset=\"https:\/\/www.elplaneta.mx\/wp-content\/themes\/elplaneta\/FOTOS\/28C346495684785-1024x622.jpeg 1024w, https:\/\/www.elplaneta.mx\/wp-content\/themes\/elplaneta\/FOTOS\/28C346495684785-300x182.jpeg 300w, https:\/\/www.elplaneta.mx\/wp-content\/themes\/elplaneta\/FOTOS\/28C346495684785-768x467.jpeg 768w, https:\/\/www.elplaneta.mx\/wp-content\/themes\/elplaneta\/FOTOS\/28C346495684785.jpeg 1126w\" sizes=\"auto, (max-width: 1024px) 100vw, 1024px\" \/><\/figure><\/div>\n\n\n<p>\u00c1lvaro Obreg\u00f3n, Ciudad de M\u00e9xico, M\u00e9xico, Am\u00e9rica.- Residentes de la hist\u00f3rica colonia Olivar de los Padres, ubicada en la alcald\u00eda \u00c1lvaro Obreg\u00f3n, realizaron una movilizaci\u00f3n en forma de caravana para manifestar su rechazo ante la modificaci\u00f3n del nombre y c\u00f3digo postal de su comunidad.<\/p>\n\n\n\n<p>Los manifestantes denunciaron que este cambio, realizado sin consulta ciudadana, ha derivado en graves afectaciones econ\u00f3micas y administrativas para las familias que han habitado la zona por d\u00e9cadas.<\/p>\n\n\n\n<p>De acuerdo con los testimonios de los integrantes del comit\u00e9 vecinal, la reclasificaci\u00f3n del \u00e1rea como Lomas de San \u00c1ngel Inn \u2014una zona considerada de mayor plusval\u00eda\u2014 ha provocado un incremento superior a 50% en los recibos de agua, luz e impuesto predial.<\/p>\n\n\n\n<p>Los afectados se\u00f1alan que este aumento no se refleja en mejoras a la infraestructura o en la calidad de los servicios p\u00fablicos que reciben.<\/p>\n\n\n\n<p>M\u00e1s all\u00e1 del costo financiero, los vecinos advierten sobre un caos administrativo que pone en riesgo su patrimonio e integridad. Al cambiar la nomenclatura oficial, documentos esenciales como escrituras y comprobantes de domicilio han quedado desfasados.<\/p>\n\n\n\n<p>Asimismo, han reportado dificultades para acceder a servicios de salud, ya que los registros en cl\u00ednicas locales no coinciden con el nuevo c\u00f3digo postal asignado de manera arbitraria.<\/p>\n\n\n\n<p>Para los habitantes, esta situaci\u00f3n representa tambi\u00e9n una p\u00e9rdida de identidad hist\u00f3rica. Olivar de los Padres cuenta con m\u00e1s de 80 a\u00f1os de historia y fue fundada por generaciones que construyeron el tejido social de la zona.<\/p>\n\n\n\n<p>Durante la protesta, se exhibieron lonas con mensajes como \u201cSomos Olivar de los Padres, no Lomas de San \u00c1ngel Inn\u201d, reafirmando su sentido de pertenencia.<\/p>\n\n\n\n<p>Ante la falta de respuestas claras por parte de la alcald\u00eda \u2014que se deslinda del tema\u2014, la comunidad impulsa un punto de acuerdo en el Congreso de la Ciudad de M\u00e9xico a trav\u00e9s de la diputada panista Claudia Montes de Oca del Olmo.<\/p>\n\n\n\n<p>El objetivo es que la Secretar\u00eda de Planeaci\u00f3n, Ordenamiento Territorial y Coordinaci\u00f3n Metropolitana revise y revierta lo que consideran una reclasificaci\u00f3n irregular de sus calles.<\/p>\n\n\n\n<p>Los vecinos aseguran que continuar\u00e1n con la recolecci\u00f3n de firmas y asambleas hasta que se armonicen los registros fiscales y se respete la denominaci\u00f3n hist\u00f3rica de su hogar.<\/p>\n","protected":false},"excerpt":{"rendered":"<p>\u00c1lvaro Obreg\u00f3n, Ciudad de M\u00e9xico, M\u00e9xico, Am\u00e9rica.- Residentes de la hist\u00f3rica colonia Olivar de los&#8230;<\/p>\n","protected":false},"author":1,"featured_media":382387,"comment_status":"open","ping_status":"open","sticky":false,"template":"","format":"standard","meta":{"footnotes":""},"categories":[130],"tags":[],"class_list":["post-382386","post","type-post","status-publish","format-standard","has-post-thumbnail","hentry","category-nacional"],"gutentor_comment":0,"_links":{"self":[{"href":"https:\/\/www.elplaneta.mx\/index.php?rest_route=\/wp\/v2\/posts\/382386","targetHints":{"allow":["GET"]}}],"collection":[{"href":"https:\/\/www.elplaneta.mx\/index.php?rest_route=\/wp\/v2\/posts"}],"about":[{"href":"https:\/\/www.elplaneta.mx\/index.php?rest_route=\/wp\/v2\/types\/post"}],"author":[{"embeddable":true,"href":"https:\/\/www.elplaneta.mx\/index.php?rest_route=\/wp\/v2\/users\/1"}],"replies":[{"embeddable":true,"href":"https:\/\/www.elplaneta.mx\/index.php?rest_route=%2Fwp%2Fv2%2Fcomments&post=382386"}],"version-history":[{"count":1,"href":"https:\/\/www.elplaneta.mx\/index.php?rest_route=\/wp\/v2\/posts\/382386\/revisions"}],"predecessor-version":[{"id":382388,"href":"https:\/\/www.elplaneta.mx\/index.php?rest_route=\/wp\/v2\/posts\/382386\/revisions\/382388"}],"wp:featuredmedia":[{"embeddable":true,"href":"https:\/\/www.elplaneta.mx\/index.php?rest_route=\/wp\/v2\/media\/382387"}],"wp:attachment":[{"href":"https:\/\/www.elplaneta.mx\/index.php?rest_route=%2Fwp%2Fv2%2Fmedia&parent=382386"}],"wp:term":[{"taxonomy":"category","embeddable":true,"href":"https:\/\/www.elplaneta.mx\/index.php?rest_route=%2Fwp%2Fv2%2Fcategories&post=382386"},{"taxonomy":"post_tag","embeddable":true,"href":"https:\/\/www.elplaneta.mx\/index.php?rest_route=%2Fwp%2Fv2%2Ftags&post=382386"}],"curies":[{"name":"wp","href":"https:\/\/api.w.org\/{rel}","templated":true}]}}