{"id":382392,"date":"2026-04-28T07:19:32","date_gmt":"2026-04-28T13:19:32","guid":{"rendered":"https:\/\/www.elplaneta.mx\/?p=382392"},"modified":"2026-04-28T07:19:35","modified_gmt":"2026-04-28T13:19:35","slug":"en-wallis-y-futuna-procesion-de-reliquias-por-fiesta-de-san-pedro-chanel-atrae-multitudes","status":"publish","type":"post","link":"https:\/\/www.elplaneta.mx\/?p=382392","title":{"rendered":"En Wallis y Futuna, procesi\u00f3n de reliquias por Fiesta de San Pedro Chanel, atrae multitudes"},"content":{"rendered":"<div class=\"wp-block-image\">\n<figure class=\"alignleft size-full\"><img loading=\"lazy\" decoding=\"async\" width=\"613\" height=\"404\" src=\"https:\/\/www.elplaneta.mx\/wp-content\/themes\/elplaneta\/FOTOS\/28W58688444.jpg\" alt=\"\" class=\"wp-image-382393\" srcset=\"https:\/\/www.elplaneta.mx\/wp-content\/themes\/elplaneta\/FOTOS\/28W58688444.jpg 613w, https:\/\/www.elplaneta.mx\/wp-content\/themes\/elplaneta\/FOTOS\/28W58688444-300x198.jpg 300w\" sizes=\"auto, (max-width: 613px) 100vw, 613px\" \/><\/figure><\/div>\n\n\n<p>Mata-Utu, Wallis y Futuna, Ocean\u00eda.- El martirio de San Pedro Chanel se conmemora cada a\u00f1o en Futuna durante dos d\u00edas. La conmemoraci\u00f3n comienza el d\u00eda anterior, el 27 de abril, con la tradicional procesi\u00f3n desde Lalomilo hasta el santuario. Una procesi\u00f3n con las santas reliquias.<\/p>\n\n\n\n<figure class=\"wp-block-image size-full\"><img loading=\"lazy\" decoding=\"async\" width=\"613\" height=\"404\" src=\"https:\/\/www.elplaneta.mx\/wp-content\/themes\/elplaneta\/FOTOS\/28W58688444.jpg\" alt=\"\" class=\"wp-image-382393\" srcset=\"https:\/\/www.elplaneta.mx\/wp-content\/themes\/elplaneta\/FOTOS\/28W58688444.jpg 613w, https:\/\/www.elplaneta.mx\/wp-content\/themes\/elplaneta\/FOTOS\/28W58688444-300x198.jpg 300w\" sizes=\"auto, (max-width: 613px) 100vw, 613px\" \/><\/figure>\n\n\n\n<p>Una marcha simb\u00f3lica para honrar esta memoria fundacional.<\/p>\n\n\n\n<p>El sitio conocido como \u00abLalomilo\u00bb en Tamana no es un lugar cualquiera. Se dice que all\u00ed se gest\u00f3 la conspiraci\u00f3n, pocos d\u00edas antes del asesinato del m\u00e1rtir de Ocean\u00eda el 28 de abril de 1841. Al caminar juntos hacia el santuario, los fieles honran esta memoria fundacional e incluyen en sus oraciones a quienes no pudieron estar presentes. Stan Tutagata peregrin\u00f3 a Nueva Caledonia para asistir a la conmemoraci\u00f3n.<\/p>\n\n\n\n<p>\u00bfQu\u00e9 siente usted como cat\u00f3lico devoto que ha venido desde tan lejos precisamente para vivir este evento en persona?<\/p>\n\n\n\n<p>\u00abNo encuentro las palabras exactas para expresar lo que siento al venir aqu\u00ed. Nos preparamos para ello durante la peregrinaci\u00f3n, pero eso es todo.\u00bb Sab\u00edamos que ten\u00edamos que venir a Futuna para ver las reliquias de Saint-Pierre Chanel. Pero venir aqu\u00ed es algo completamente distinto. Estoy gratamente sorprendida y feliz de poder seguir los pasos de Saint-Pierre Chanel. Sobre todo porque hab\u00edamos o\u00eddo las historias, pero nada m\u00e1s. Pero estar aqu\u00ed es realmente magn\u00edfico. Es una revelaci\u00f3n para m\u00ed. Porque aqu\u00ed estamos en Tamana, donde se gest\u00f3 la trama. El s\u00e1bado seguimos parte de sus pasos. Estamos gratamente sorprendidos. Y todos estamos a\u00fan m\u00e1s felices de descubrir todo esto.<\/p>\n\n\n\n<p>\u00bfUn viaje personal que tambi\u00e9n est\u00e1s reviviendo?<\/p>\n\n\n\n<p>Un viaje personal, s\u00ed y no, pero tambi\u00e9n un viaje para mi familia. Mi familia que se qued\u00f3 all\u00ed, que tambi\u00e9n nos sigue a trav\u00e9s de las fotos que enviamos, los videos. Y bueno, es principalmente para intentar expresarme. Tenemos muchos enfermos en mi familia, y bueno, yo soy la que vino, me gustar\u00eda compartir esto con ellos.<\/p>\n\n\n\n<p>(Wallis y Futuna, es un pa\u00eds en Ocean\u00eda, dependiente de Francia)<\/p>\n","protected":false},"excerpt":{"rendered":"<p>Mata-Utu, Wallis y Futuna, Ocean\u00eda.- El martirio de San Pedro Chanel se conmemora cada a\u00f1o&#8230;<\/p>\n","protected":false},"author":1,"featured_media":382393,"comment_status":"open","ping_status":"open","sticky":false,"template":"","format":"standard","meta":{"footnotes":""},"categories":[4],"tags":[],"class_list":["post-382392","post","type-post","status-publish","format-standard","has-post-thumbnail","hentry","category-local"],"gutentor_comment":0,"_links":{"self":[{"href":"https:\/\/www.elplaneta.mx\/index.php?rest_route=\/wp\/v2\/posts\/382392","targetHints":{"allow":["GET"]}}],"collection":[{"href":"https:\/\/www.elplaneta.mx\/index.php?rest_route=\/wp\/v2\/posts"}],"about":[{"href":"https:\/\/www.elplaneta.mx\/index.php?rest_route=\/wp\/v2\/types\/post"}],"author":[{"embeddable":true,"href":"https:\/\/www.elplaneta.mx\/index.php?rest_route=\/wp\/v2\/users\/1"}],"replies":[{"embeddable":true,"href":"https:\/\/www.elplaneta.mx\/index.php?rest_route=%2Fwp%2Fv2%2Fcomments&post=382392"}],"version-history":[{"count":1,"href":"https:\/\/www.elplaneta.mx\/index.php?rest_route=\/wp\/v2\/posts\/382392\/revisions"}],"predecessor-version":[{"id":382394,"href":"https:\/\/www.elplaneta.mx\/index.php?rest_route=\/wp\/v2\/posts\/382392\/revisions\/382394"}],"wp:featuredmedia":[{"embeddable":true,"href":"https:\/\/www.elplaneta.mx\/index.php?rest_route=\/wp\/v2\/media\/382393"}],"wp:attachment":[{"href":"https:\/\/www.elplaneta.mx\/index.php?rest_route=%2Fwp%2Fv2%2Fmedia&parent=382392"}],"wp:term":[{"taxonomy":"category","embeddable":true,"href":"https:\/\/www.elplaneta.mx\/index.php?rest_route=%2Fwp%2Fv2%2Fcategories&post=382392"},{"taxonomy":"post_tag","embeddable":true,"href":"https:\/\/www.elplaneta.mx\/index.php?rest_route=%2Fwp%2Fv2%2Ftags&post=382392"}],"curies":[{"name":"wp","href":"https:\/\/api.w.org\/{rel}","templated":true}]}}