{"id":382395,"date":"2026-04-28T07:36:23","date_gmt":"2026-04-28T13:36:23","guid":{"rendered":"https:\/\/www.elplaneta.mx\/?p=382395"},"modified":"2026-04-28T07:36:28","modified_gmt":"2026-04-28T13:36:28","slug":"refuerzan-la-cooperacion-para-vincular-la-educacion-con-el-mercado-laboral-en-kuwait","status":"publish","type":"post","link":"https:\/\/www.elplaneta.mx\/?p=382395","title":{"rendered":"Refuerzan la cooperaci\u00f3n para vincular la educaci\u00f3n con el mercado laboral en Kuwait"},"content":{"rendered":"<div class=\"wp-block-image\">\n<figure class=\"alignleft size-full\"><img loading=\"lazy\" decoding=\"async\" width=\"637\" height=\"379\" src=\"https:\/\/www.elplaneta.mx\/wp-content\/themes\/elplaneta\/FOTOS\/28K346468585.jpeg\" alt=\"\" class=\"wp-image-382396\" srcset=\"https:\/\/www.elplaneta.mx\/wp-content\/themes\/elplaneta\/FOTOS\/28K346468585.jpeg 637w, https:\/\/www.elplaneta.mx\/wp-content\/themes\/elplaneta\/FOTOS\/28K346468585-300x178.jpeg 300w\" sizes=\"auto, (max-width: 637px) 100vw, 637px\" \/><\/figure><\/div>\n\n\n<p>Kuwait, Kuwait, Asia.- La asociaci\u00f3n con entidades nacionales es una piedra angular para desarrollar resultados educativos y mejorar el empleo juvenil. Al-Osaimi: Coordinaci\u00f3n continua para construir una base de datos precisa y dirigir las competencias hacia sectores vitales.<\/p>\n\n\n\n<p>En un paso que refleja la integraci\u00f3n de los esfuerzos nacionales para apoyar el sistema de educaci\u00f3n y formaci\u00f3n, el Director General de la Autoridad P\u00fablica de Educaci\u00f3n Aplicada y Formaci\u00f3n, Dr. Hassan Mohammed Al-Fajjam, recibi\u00f3 a la Directora General de la Autoridad P\u00fablica de Mano de Obra, Sra. Rabab Abdullah Al-Osaimi, en presencia de varios l\u00edderes de ambas partes, para discutir formas de mejorar la cooperaci\u00f3n conjunta y vincular los resultados educativos con las necesidades del mercado laboral en Kuwait.<\/p>\n\n\n\n<p>La reuni\u00f3n incluy\u00f3 debates sobre el desarrollo de \u00e1reas de cooperaci\u00f3n, especialmente en lo referente a la evaluaci\u00f3n de trabajadores y la verificaci\u00f3n de sus competencias, adem\u00e1s de analizar mecanismos para alinear los resultados de la educaci\u00f3n y la formaci\u00f3n con las necesidades del mercado laboral, mediante el intercambio de datos sobre las futuras demandas de empleo.<\/p>\n\n\n\n<p>Esto contribuye a orientar los programas y las especializaciones hacia sectores prioritarios. La Autoridad P\u00fablica de Educaci\u00f3n Aplicada y Formaci\u00f3n (PAAET) y la Autoridad P\u00fablica de Mano de Obra (PAM) reforzaron su cooperaci\u00f3n para vincular la educaci\u00f3n con el mercado laboral. Ambas partes destacaron la importancia de ampliar las oportunidades de pr\u00e1cticas para los estudiantes de la PAAET en instituciones del sector privado, con el fin de brindarles experiencia pr\u00e1ctica antes de su graduaci\u00f3n y, por consiguiente, mejorar su preparaci\u00f3n para incorporarse directamente al mercado laboral.<\/p>\n\n\n\n<p>Asimismo, hicieron hincapi\u00e9 en la importancia de establecer alianzas estrat\u00e9gicas para ofrecer programas de formaci\u00f3n de alta calidad que se mantengan al d\u00eda con los avances profesionales y tecnol\u00f3gicos. En este mismo sentido, subrayaron la necesidad de promover una cultura laboral en el sector privado entre la juventud kuwait\u00ed y concienciar sobre las ventajas profesionales que ofrece.<\/p>\n\n\n\n<p>Tambi\u00e9n destacaron los derechos de los trabajadores y los avances legislativos que respaldan la estabilidad laboral, as\u00ed como la importancia de monitorear continuamente las necesidades del mercado y orientar a los estudiantes hacia las especializaciones m\u00e1s demandadas.<\/p>\n\n\n\n<p>Al-Fajjam reafirm\u00f3 el compromiso de PAAET de ampliar sus alianzas con entidades nacionales, se\u00f1alando que la cooperaci\u00f3n con PAM es fundamental para el desarrollo de programas acad\u00e9micos y de capacitaci\u00f3n que se ajusten a las necesidades de desarrollo. Por su parte, Al-Osaimi enfatiz\u00f3 la importancia de la coordinaci\u00f3n constante con las instituciones de educaci\u00f3n y capacitaci\u00f3n para garantizar la eficiencia de la fuerza laboral y crear una base de datos precisa de las necesidades del mercado.<\/p>\n\n\n\n<p>Esto facilitar\u00e1 su regulaci\u00f3n y orientar\u00e1 el talento nacional hacia sectores clave, especialmente en el sector privado. La reuni\u00f3n concluy\u00f3 con un \u00e9nfasis en la coordinaci\u00f3n continua y la formaci\u00f3n de grupos de trabajo conjuntos para desarrollar mecanismos de implementaci\u00f3n para el intercambio de datos y la identificaci\u00f3n de necesidades futuras, en consonancia con los objetivos de la Visi\u00f3n Kuwait 2035 de desarrollar el capital humano y mejorar la competitividad del talento nacional.<\/p>\n","protected":false},"excerpt":{"rendered":"<p>Kuwait, Kuwait, Asia.- La asociaci\u00f3n con entidades nacionales es una piedra angular para desarrollar resultados&#8230;<\/p>\n","protected":false},"author":1,"featured_media":382396,"comment_status":"open","ping_status":"open","sticky":false,"template":"","format":"standard","meta":{"footnotes":""},"categories":[4],"tags":[],"class_list":["post-382395","post","type-post","status-publish","format-standard","has-post-thumbnail","hentry","category-local"],"gutentor_comment":0,"_links":{"self":[{"href":"https:\/\/www.elplaneta.mx\/index.php?rest_route=\/wp\/v2\/posts\/382395","targetHints":{"allow":["GET"]}}],"collection":[{"href":"https:\/\/www.elplaneta.mx\/index.php?rest_route=\/wp\/v2\/posts"}],"about":[{"href":"https:\/\/www.elplaneta.mx\/index.php?rest_route=\/wp\/v2\/types\/post"}],"author":[{"embeddable":true,"href":"https:\/\/www.elplaneta.mx\/index.php?rest_route=\/wp\/v2\/users\/1"}],"replies":[{"embeddable":true,"href":"https:\/\/www.elplaneta.mx\/index.php?rest_route=%2Fwp%2Fv2%2Fcomments&post=382395"}],"version-history":[{"count":1,"href":"https:\/\/www.elplaneta.mx\/index.php?rest_route=\/wp\/v2\/posts\/382395\/revisions"}],"predecessor-version":[{"id":382397,"href":"https:\/\/www.elplaneta.mx\/index.php?rest_route=\/wp\/v2\/posts\/382395\/revisions\/382397"}],"wp:featuredmedia":[{"embeddable":true,"href":"https:\/\/www.elplaneta.mx\/index.php?rest_route=\/wp\/v2\/media\/382396"}],"wp:attachment":[{"href":"https:\/\/www.elplaneta.mx\/index.php?rest_route=%2Fwp%2Fv2%2Fmedia&parent=382395"}],"wp:term":[{"taxonomy":"category","embeddable":true,"href":"https:\/\/www.elplaneta.mx\/index.php?rest_route=%2Fwp%2Fv2%2Fcategories&post=382395"},{"taxonomy":"post_tag","embeddable":true,"href":"https:\/\/www.elplaneta.mx\/index.php?rest_route=%2Fwp%2Fv2%2Ftags&post=382395"}],"curies":[{"name":"wp","href":"https:\/\/api.w.org\/{rel}","templated":true}]}}