{"id":382398,"date":"2026-04-28T07:44:04","date_gmt":"2026-04-28T13:44:04","guid":{"rendered":"https:\/\/www.elplaneta.mx\/?p=382398"},"modified":"2026-04-28T07:44:08","modified_gmt":"2026-04-28T13:44:08","slug":"en-oaxaca-estudiantes-de-medicina-toman-la-uabjo-por-falta-de-internados","status":"publish","type":"post","link":"https:\/\/www.elplaneta.mx\/?p=382398","title":{"rendered":"En Oaxaca, estudiantes de medicina toman la UABJO por falta de internados"},"content":{"rendered":"<div class=\"wp-block-image\">\n<figure class=\"alignleft size-full\"><img loading=\"lazy\" decoding=\"async\" width=\"480\" height=\"320\" src=\"https:\/\/www.elplaneta.mx\/wp-content\/themes\/elplaneta\/FOTOS\/28O346468585656.jpg\" alt=\"\" class=\"wp-image-382399\" srcset=\"https:\/\/www.elplaneta.mx\/wp-content\/themes\/elplaneta\/FOTOS\/28O346468585656.jpg 480w, https:\/\/www.elplaneta.mx\/wp-content\/themes\/elplaneta\/FOTOS\/28O346468585656-300x200.jpg 300w\" sizes=\"auto, (max-width: 480px) 100vw, 480px\" \/><\/figure><\/div>\n\n\n<p>Oaxaca, Oaxaca, M\u00e9xico, Am\u00e9rica.- Estudiantes de la Facultad de Medicina y Cirug\u00eda de la Universidad Aut\u00f3noma Benito Ju\u00e1rez de Oaxaca (UABJO) realizaron la toma de instalaciones este lunes en la ciudad de Oaxaca.<\/p>\n\n\n\n<p>Los manifestantes se\u00f1alaron que la protesta responde a la p\u00e9rdida de espacios para internados m\u00e9dicos, lo que impacta directamente en su formaci\u00f3n profesional.<\/p>\n\n\n\n<p>De acuerdo con estudiantes, anteriormente se contaba con m\u00e1s de 250 plazas de internado, de las cuales 118 est\u00e1n en incertidumbre, 97 confirmadas y 50 se perdieron en Monterrey, Nuevo Le\u00f3n.<\/p>\n\n\n\n<p>Los alumnos atribuyen la situaci\u00f3n a una presunta falta de gesti\u00f3n por parte de autoridades acad\u00e9micas, lo que deriv\u00f3 en la reducci\u00f3n de espacios en hospitales de segundo nivel.<\/p>\n\n\n\n<p>Los estudiantes tambi\u00e9n manifestaron su rechazo a la posible implementaci\u00f3n del esquema APS, el cual contempla periodos divididos entre hospital, facultad y centros de salud.<\/p>\n\n\n\n<p>Indicaron que este modelo sustituir\u00eda el internado tradicional de un a\u00f1o en hospitales, lo que consideran una afectaci\u00f3n a la calidad de su formaci\u00f3n m\u00e9dica.<\/p>\n\n\n\n<p>Durante la toma, los manifestantes denunciaron haber recibido amenazas e intimidaciones, presuntamente por personas vinculadas a la instituci\u00f3n.<\/p>\n\n\n\n<p>Los estudiantes exigieron soluciones inmediatas y la recuperaci\u00f3n de las plazas de internado, al considerar que son fundamentales para su desarrollo acad\u00e9mico y profesional.<\/p>\n","protected":false},"excerpt":{"rendered":"<p>Oaxaca, Oaxaca, M\u00e9xico, Am\u00e9rica.- Estudiantes de la Facultad de Medicina y Cirug\u00eda de la Universidad&#8230;<\/p>\n","protected":false},"author":1,"featured_media":382399,"comment_status":"open","ping_status":"open","sticky":false,"template":"","format":"standard","meta":{"footnotes":""},"categories":[130],"tags":[],"class_list":["post-382398","post","type-post","status-publish","format-standard","has-post-thumbnail","hentry","category-nacional"],"gutentor_comment":0,"_links":{"self":[{"href":"https:\/\/www.elplaneta.mx\/index.php?rest_route=\/wp\/v2\/posts\/382398","targetHints":{"allow":["GET"]}}],"collection":[{"href":"https:\/\/www.elplaneta.mx\/index.php?rest_route=\/wp\/v2\/posts"}],"about":[{"href":"https:\/\/www.elplaneta.mx\/index.php?rest_route=\/wp\/v2\/types\/post"}],"author":[{"embeddable":true,"href":"https:\/\/www.elplaneta.mx\/index.php?rest_route=\/wp\/v2\/users\/1"}],"replies":[{"embeddable":true,"href":"https:\/\/www.elplaneta.mx\/index.php?rest_route=%2Fwp%2Fv2%2Fcomments&post=382398"}],"version-history":[{"count":1,"href":"https:\/\/www.elplaneta.mx\/index.php?rest_route=\/wp\/v2\/posts\/382398\/revisions"}],"predecessor-version":[{"id":382400,"href":"https:\/\/www.elplaneta.mx\/index.php?rest_route=\/wp\/v2\/posts\/382398\/revisions\/382400"}],"wp:featuredmedia":[{"embeddable":true,"href":"https:\/\/www.elplaneta.mx\/index.php?rest_route=\/wp\/v2\/media\/382399"}],"wp:attachment":[{"href":"https:\/\/www.elplaneta.mx\/index.php?rest_route=%2Fwp%2Fv2%2Fmedia&parent=382398"}],"wp:term":[{"taxonomy":"category","embeddable":true,"href":"https:\/\/www.elplaneta.mx\/index.php?rest_route=%2Fwp%2Fv2%2Fcategories&post=382398"},{"taxonomy":"post_tag","embeddable":true,"href":"https:\/\/www.elplaneta.mx\/index.php?rest_route=%2Fwp%2Fv2%2Ftags&post=382398"}],"curies":[{"name":"wp","href":"https:\/\/api.w.org\/{rel}","templated":true}]}}