{"id":382431,"date":"2026-04-28T12:02:00","date_gmt":"2026-04-28T18:02:00","guid":{"rendered":"https:\/\/www.elplaneta.mx\/?p=382431"},"modified":"2026-04-28T12:03:04","modified_gmt":"2026-04-28T18:03:04","slug":"obligan-a-la-titular-de-la-comar-a-resolver-peticion-de-condicion-de-refugiada-a-mujer","status":"publish","type":"post","link":"https:\/\/www.elplaneta.mx\/?p=382431","title":{"rendered":"Obligan a la titular de la Comar, a resolver petici\u00f3n de condici\u00f3n de refugiada a mujer"},"content":{"rendered":"<div class=\"wp-block-image\">\n<figure class=\"alignleft size-full is-resized\"><img loading=\"lazy\" decoding=\"async\" width=\"680\" height=\"382\" src=\"https:\/\/www.elplaneta.mx\/wp-content\/themes\/elplaneta\/FOTOS\/28C3646866.jpg\" alt=\"\" class=\"wp-image-382432\" style=\"width:609px;height:auto\" srcset=\"https:\/\/www.elplaneta.mx\/wp-content\/themes\/elplaneta\/FOTOS\/28C3646866.jpg 680w, https:\/\/www.elplaneta.mx\/wp-content\/themes\/elplaneta\/FOTOS\/28C3646866-300x169.jpg 300w\" sizes=\"auto, (max-width: 680px) 100vw, 680px\" \/><figcaption class=\"wp-element-caption\">Sede de la Comisi\u00f3n Mexicana de Ayuda a Refugiados (COMAR), en Iztapalapa, Ciudad de M\u00e9xico, M\u00e9xico, Am\u00e9rica.<\/figcaption><\/figure><\/div>\n\n\n<p>Nuevo Laredo, Tamaulipas, M\u00e9xico, Am\u00e9rica.- El Poder Judicial Federal, obligo a Xadeni M\u00e9ndez M\u00e1rquez, coordinadora de la Comisi\u00f3n Mexicana de Ayuda a Refugiados (COMAR), a resolver el procedimiento de reconocimiento de la condici\u00f3n de persona refugiada instado a una mujer, y a notificarla de, ello en cumplimiento a la sentencia 443\/2024, que otorgo el amparo por violarse la garant\u00eda constitucional de justicia r\u00e1pida.<\/p>\n\n\n\n<p>La Juez Judith Alhel\u00ed Andrade Villaf\u00e1n, titular del Juzgado Tercero de Distrito en Nuevo Laredo, resolvi\u00f3 en la sentencia, si desde el veinticuatro de mayo de dos mil veintitr\u00e9s, se admiti\u00f3 a tr\u00e1mite la solicitud de reconocimiento de condici\u00f3n de refugiada, es incuestionable que la autoridad responsable ha omitido por m\u00e1s de un a\u00f1o, tomar las medidas necesarias para lograr la mayor econom\u00eda, concentraci\u00f3n y sencillez del proceso para resolver si le reconoce a la quejosa la condici\u00f3n de refugiada y notificar la resoluci\u00f3n relativa.<\/p>\n\n\n\n<p>La sentencia emitida el 10 de junio del 2025, otorgo el amparo para que, la Titular de la Comar, analice si existe alguna diligencia pendiente de realizar dentro del expediente con clave \u00fanica de refugiados 366451; De existir, vigile que se lleve a cabo dentro de quince d\u00edas h\u00e1biles; de no existir, de inmediato proceda a resolver el procedimiento de reconocimiento de la condici\u00f3n de persona refugiada y a notificarla de esa determinaci\u00f3n conclusiva.<\/p>\n\n\n\n<p>La Juez se\u00f1alo que, la abstenci\u00f3n de la autoridad responsable Titular de la Comar, con sede en la Ciudad de M\u00e9xico, vulnera en perjuicio de la mujer el derecho fundamental de acceso a la justicia consagrado en el art\u00edculo 17 de la Norma Fundamental, pues ha sido omisa en emitir y notificar la resoluci\u00f3n correspondiente en los plazos previstos por los art\u00edculos 24 y 25 de la Ley sobre Refugiados, Protecci\u00f3n Complementaria y Asilo Pol\u00edtico, as\u00ed como 45 y 47 del Reglamento de la Ley de Refugiados y Protecci\u00f3n Complementaria.<\/p>\n\n\n\n<p>En el caso, se advierte que el 19 de mayo de 2023, la mujer presento la solicitud en la oficina de representaci\u00f3n del Instituto Nacional de Migraci\u00f3n en Nuevo Laredo, empero, a la fecha de presentaci\u00f3n de la demanda de amparo, esto es, al 4 de noviembre de 2025, no se ha dictado la resoluci\u00f3n con la que culmine dicho procedimiento de reconocimiento; debiendo destacar que esta sentencia ya fue dada por cumplida.<\/p>\n","protected":false},"excerpt":{"rendered":"<p>Nuevo Laredo, Tamaulipas, M\u00e9xico, Am\u00e9rica.- El Poder Judicial Federal, obligo a Xadeni M\u00e9ndez M\u00e1rquez, coordinadora&#8230;<\/p>\n","protected":false},"author":1,"featured_media":382432,"comment_status":"open","ping_status":"open","sticky":false,"template":"","format":"standard","meta":{"footnotes":""},"categories":[6,583,20],"tags":[],"class_list":["post-382431","post","type-post","status-publish","format-standard","has-post-thumbnail","hentry","category-baltazar","category-principales","category-tamaulipas"],"gutentor_comment":0,"_links":{"self":[{"href":"https:\/\/www.elplaneta.mx\/index.php?rest_route=\/wp\/v2\/posts\/382431","targetHints":{"allow":["GET"]}}],"collection":[{"href":"https:\/\/www.elplaneta.mx\/index.php?rest_route=\/wp\/v2\/posts"}],"about":[{"href":"https:\/\/www.elplaneta.mx\/index.php?rest_route=\/wp\/v2\/types\/post"}],"author":[{"embeddable":true,"href":"https:\/\/www.elplaneta.mx\/index.php?rest_route=\/wp\/v2\/users\/1"}],"replies":[{"embeddable":true,"href":"https:\/\/www.elplaneta.mx\/index.php?rest_route=%2Fwp%2Fv2%2Fcomments&post=382431"}],"version-history":[{"count":1,"href":"https:\/\/www.elplaneta.mx\/index.php?rest_route=\/wp\/v2\/posts\/382431\/revisions"}],"predecessor-version":[{"id":382433,"href":"https:\/\/www.elplaneta.mx\/index.php?rest_route=\/wp\/v2\/posts\/382431\/revisions\/382433"}],"wp:featuredmedia":[{"embeddable":true,"href":"https:\/\/www.elplaneta.mx\/index.php?rest_route=\/wp\/v2\/media\/382432"}],"wp:attachment":[{"href":"https:\/\/www.elplaneta.mx\/index.php?rest_route=%2Fwp%2Fv2%2Fmedia&parent=382431"}],"wp:term":[{"taxonomy":"category","embeddable":true,"href":"https:\/\/www.elplaneta.mx\/index.php?rest_route=%2Fwp%2Fv2%2Fcategories&post=382431"},{"taxonomy":"post_tag","embeddable":true,"href":"https:\/\/www.elplaneta.mx\/index.php?rest_route=%2Fwp%2Fv2%2Ftags&post=382431"}],"curies":[{"name":"wp","href":"https:\/\/api.w.org\/{rel}","templated":true}]}}