{"id":382446,"date":"2026-04-29T07:52:50","date_gmt":"2026-04-29T13:52:50","guid":{"rendered":"https:\/\/www.elplaneta.mx\/?p=382446"},"modified":"2026-04-29T07:52:54","modified_gmt":"2026-04-29T13:52:54","slug":"uag-y-european-business-digital-school-impulsan-la-educacion-global","status":"publish","type":"post","link":"https:\/\/www.elplaneta.mx\/?p=382446","title":{"rendered":"UAG y European Business &amp; Digital School impulsan la educaci\u00f3n global"},"content":{"rendered":"<div class=\"wp-block-image\">\n<figure class=\"alignleft size-full\"><img loading=\"lazy\" decoding=\"async\" width=\"540\" height=\"377\" src=\"https:\/\/www.elplaneta.mx\/wp-content\/themes\/elplaneta\/FOTOS\/29J3646746465.jpg\" alt=\"\" class=\"wp-image-382447\" srcset=\"https:\/\/www.elplaneta.mx\/wp-content\/themes\/elplaneta\/FOTOS\/29J3646746465.jpg 540w, https:\/\/www.elplaneta.mx\/wp-content\/themes\/elplaneta\/FOTOS\/29J3646746465-300x209.jpg 300w\" sizes=\"auto, (max-width: 540px) 100vw, 540px\" \/><\/figure><\/div>\n\n\n<p>Guadalajara, Jalisco, M\u00e9xico, Am\u00e9rica.- La Universidad Aut\u00f3noma de Guadalajara (UAG) y European Business &amp; Digital School (EBDS) firmaron un convenio de colaboraci\u00f3n con el prop\u00f3sito de impulsar nuevas oportunidades de cooperaci\u00f3n acad\u00e9mica y fortalecer su proyecci\u00f3n internacional.<\/p>\n\n\n\n<p>El Director de Alianzas Estrat\u00e9gicas y Responsabilidad Social de la UAG, Mtro. Dami\u00e1n Gonz\u00e1lez Razo, destac\u00f3 que esta uni\u00f3n representa un compromiso profundo entre instituciones.<\/p>\n\n\n\n<p>\u201cEsta alianza no es solo un papel, es un proyecto conjunto que busca formar mejores personas y aportar al desarrollo de la sociedad. Cuando dos instituciones coinciden en valores y visi\u00f3n, se pueden lograr grandes cosas\u201d, refiri\u00f3.<\/p>\n\n\n\n<p>Voces de la alianza<\/p>\n\n\n\n<p>En su intervenci\u00f3n, Mat\u00edas Riva, Presidente de la European Business &amp; Digital School, destac\u00f3 el alcance del acuerdo como punto de partida de una colaboraci\u00f3n con proyecci\u00f3n a largo plazo.<\/p>\n\n\n\n<p>\u201cEste convenio es el inicio de un proyecto con gran potencial. Compartimos una visi\u00f3n centrada en el estudiante y en el aprendizaje continuo, lo que permitir\u00e1 generar oportunidades reales para el desarrollo profesional\u201d, coment\u00f3.<\/p>\n\n\n\n<p>Por parte de la UAG, se reiter\u00f3 que la cooperaci\u00f3n internacional es clave para el fortalecimiento acad\u00e9mico y la formaci\u00f3n integral.<\/p>\n\n\n\n<p>El Mtro. \u00c1ngel Mu\u00f1oz Hern\u00e1ndez, Decano de Ciencias Sociales, Econ\u00f3mico y Administrativas (CSEyA), comparti\u00f3 una reflexi\u00f3n sobre el valor de este tipo de encuentros.<\/p>\n\n\n\n<p>\u201cCuando dos instituciones se encuentran y deciden colaborar, se construyen oportunidades de beneficio mutuo. Este tipo de alianzas representa un paso hacia una sociedad m\u00e1s colaborativa y orientada al desarrollo\u201d, dijo en su participaci\u00f3n.<\/p>\n\n\n\n<p>Innovaci\u00f3n educativa y aprendizaje continuo<\/p>\n\n\n\n<p>Durante el evento se destac\u00f3 que esta alianza permitir\u00e1 impulsar modelos educativos innovadores, como el uso de microcredenciales y esquemas flexibles que favorecen el aprendizaje a lo largo de la vida.<\/p>\n\n\n\n<p>Ambas instituciones coincidieron en que el estudiante es el centro de sus esfuerzos, lo que refuerza el objetivo de ofrecer experiencias educativas de alto impacto con alcance global.<\/p>\n\n\n\n<p>Con esta alianza, la UAG y European Business &amp; Digital School consolidan un puente acad\u00e9mico entre M\u00e9xico y Europa, orientado a la formaci\u00f3n de profesionales capaces de responder a los desaf\u00edos de un entorno global.<\/p>\n","protected":false},"excerpt":{"rendered":"<p>Guadalajara, Jalisco, M\u00e9xico, Am\u00e9rica.- La Universidad Aut\u00f3noma de Guadalajara (UAG) y European Business &amp; Digital&#8230;<\/p>\n","protected":false},"author":1,"featured_media":382447,"comment_status":"open","ping_status":"open","sticky":false,"template":"","format":"standard","meta":{"footnotes":""},"categories":[151],"tags":[],"class_list":["post-382446","post","type-post","status-publish","format-standard","has-post-thumbnail","hentry","category-espectaculos"],"gutentor_comment":0,"_links":{"self":[{"href":"https:\/\/www.elplaneta.mx\/index.php?rest_route=\/wp\/v2\/posts\/382446","targetHints":{"allow":["GET"]}}],"collection":[{"href":"https:\/\/www.elplaneta.mx\/index.php?rest_route=\/wp\/v2\/posts"}],"about":[{"href":"https:\/\/www.elplaneta.mx\/index.php?rest_route=\/wp\/v2\/types\/post"}],"author":[{"embeddable":true,"href":"https:\/\/www.elplaneta.mx\/index.php?rest_route=\/wp\/v2\/users\/1"}],"replies":[{"embeddable":true,"href":"https:\/\/www.elplaneta.mx\/index.php?rest_route=%2Fwp%2Fv2%2Fcomments&post=382446"}],"version-history":[{"count":1,"href":"https:\/\/www.elplaneta.mx\/index.php?rest_route=\/wp\/v2\/posts\/382446\/revisions"}],"predecessor-version":[{"id":382448,"href":"https:\/\/www.elplaneta.mx\/index.php?rest_route=\/wp\/v2\/posts\/382446\/revisions\/382448"}],"wp:featuredmedia":[{"embeddable":true,"href":"https:\/\/www.elplaneta.mx\/index.php?rest_route=\/wp\/v2\/media\/382447"}],"wp:attachment":[{"href":"https:\/\/www.elplaneta.mx\/index.php?rest_route=%2Fwp%2Fv2%2Fmedia&parent=382446"}],"wp:term":[{"taxonomy":"category","embeddable":true,"href":"https:\/\/www.elplaneta.mx\/index.php?rest_route=%2Fwp%2Fv2%2Fcategories&post=382446"},{"taxonomy":"post_tag","embeddable":true,"href":"https:\/\/www.elplaneta.mx\/index.php?rest_route=%2Fwp%2Fv2%2Ftags&post=382446"}],"curies":[{"name":"wp","href":"https:\/\/api.w.org\/{rel}","templated":true}]}}