{"id":382459,"date":"2026-04-29T08:26:59","date_gmt":"2026-04-29T14:26:59","guid":{"rendered":"https:\/\/www.elplaneta.mx\/?p=382459"},"modified":"2026-04-29T08:27:04","modified_gmt":"2026-04-29T14:27:04","slug":"la-compania-folclorica-de-la-uam-se-une-al-did","status":"publish","type":"post","link":"https:\/\/www.elplaneta.mx\/?p=382459","title":{"rendered":"La Compa\u00f1\u00eda Folcl\u00f3rica de la UAM se une al DID"},"content":{"rendered":"<div class=\"wp-block-image\">\n<figure class=\"alignleft size-full\"><img loading=\"lazy\" decoding=\"async\" width=\"614\" height=\"409\" src=\"https:\/\/www.elplaneta.mx\/wp-content\/themes\/elplaneta\/FOTOS\/29C364683475676.png\" alt=\"\" class=\"wp-image-382460\" srcset=\"https:\/\/www.elplaneta.mx\/wp-content\/themes\/elplaneta\/FOTOS\/29C364683475676.png 614w, https:\/\/www.elplaneta.mx\/wp-content\/themes\/elplaneta\/FOTOS\/29C364683475676-300x200.png 300w\" sizes=\"auto, (max-width: 614px) 100vw, 614px\" \/><\/figure><\/div>\n\n\n<p>Tlalpan, Ciudad de M\u00e9xico, M\u00e9xico, Am\u00e9rica.- La compa\u00f1\u00eda de Danza Folcl\u00f3rica de la Unidad Azcapotzalco de la Universidad Aut\u00f3noma Metropolitana (UAM) a cargo de la directora, maestra Violeta X\u00f3chitl Ch\u00e1vez Valencia, presentar\u00e1 Memorias de una ra\u00edz con piel de sat\u00edn en el Centro Cultural Universitario (CCU) el pr\u00f3ximo 3 de mayo, en el Foro E3 en el marco del 19\u00b0 Encuentro Plural de Danza de la Ciudad de M\u00e9xico.<\/p>\n\n\n\n<p>La presentaci\u00f3n forma parte de las actividades por el D\u00eda Internacional de la Danza (DID), la puesta fue seleccionada en la programaci\u00f3n del Instituto Nacional de Bellas Artes y Literatura (INBAL) y de la Direcci\u00f3n de Teatro y Danza de la Universidad Nacional Aut\u00f3noma de M\u00e9xico, \u201ces una oportunidad significativa que permite abrir espacios y mostrar la calidad del trabajo que se realiza en nuestra casa de estudios\u201d, dijo en entrevista la maestra Ch\u00e1vez Valencia.<\/p>\n\n\n\n<p>Explic\u00f3 que la obra trasciende la coreograf\u00eda para convertirse en un di\u00e1logo vivo entre el pasado y presente, reafirm\u00f3 que el baile tradicional es el lenguaje de la memoria, \u201cllevar nuestras ra\u00edces a escena en la que no solo se ejecutan movimientos, tambi\u00e9n se muestra conocimiento y orgullo para que las tradiciones se mantengan vivas\u201d.<\/p>\n\n\n\n<p>Su labor y pasi\u00f3n dentro de la Universidad le ha mostrado que dicha actividad es el veh\u00edculo m\u00e1s poderoso para evitar que los recuerdos se desvanezcan, permitiendo conectar a la comunidad universitaria con sus or\u00edgenes, recordando que, aunque el tiempo pase, la ra\u00edz permanece y se transforma en arte.<\/p>\n\n\n\n<p>Se\u00f1al\u00f3 que ser directora exige un proceso de sensibilizaci\u00f3n, guiar a los j\u00f3venes para que dejen de proyectarse solo como estudiantes que bailan, la importancia de asumir su posici\u00f3n como portadores de cultura con el fin de proteger y transmitir un legado que da identidad. Su trabajo busca que establezcan una conexi\u00f3n para identificar que el taconeo o el movimiento de falda tiene siglos de historia y va m\u00e1s all\u00e1 de ocupar un lugar en el escenario, se mantiene una tradici\u00f3n.<\/p>\n\n\n\n<p>Los alumnos de la Unidad Azcapotzalco, son artistas excepcionales porque bailan con el alma, adem\u00e1s de ejecutar las t\u00e9cnicas, entregan su coraz\u00f3n en cada zapateado con el fin de que los espectadores se contagien de esa entrega y reconozcan el trabajo art\u00edstico en un contexto acad\u00e9mico que trasciende las aulas y se vincula a profundidad con su identidad, historia y con la sociedad.<\/p>\n\n\n\n<p>Resalt\u00f3 que entre las exhibiciones del circuito de la Ciudad de M\u00e9xico, Memorias de una ra\u00edz con piel de sat\u00edn ofreci\u00f3 todo el repertorio en la Plaza \u00c1ngel Salas del INBAL, uno de los principales recintos del DID junto con el CCU y el Centro Nacional de las Artes.<\/p>\n\n\n\n<p>Tambi\u00e9n brind\u00f3 un fragmento del espect\u00e1culo en la estaci\u00f3n Zapata de la L\u00ednea 12 del Metro, donde se dio un intercambio valioso que permiti\u00f3 llegar a un gran n\u00famero de personas usuarias de este medio de transporte que destaca por convertir sus pasillos en escenarios art\u00edsticos.<\/p>\n\n\n\n<p>Agreg\u00f3 que su objetivo es que el p\u00fablico no solo se quede con la imagen visual, que adem\u00e1s se lleven la sensaci\u00f3n del movimiento corporal, la energ\u00eda que emana la m\u00fasica y la ejecuci\u00f3n, mezclada con las ra\u00edces de los pueblos como el de Oaxaca, un estado ha servido de inspiraci\u00f3n para el montaje por su riqueza y diversidad.<\/p>\n\n\n\n<p>Para la integrante es un orgullo poder llevar en alto a la UAM a trav\u00e9s de una expresi\u00f3n art\u00edstica, cumpliendo con la tercera funci\u00f3n sustantiva: la difusi\u00f3n de la cultura, con el m\u00e1s alto rigor y que forma a alumnos en todos los sentidos, concluy\u00f3.<\/p>\n","protected":false},"excerpt":{"rendered":"<p>Tlalpan, Ciudad de M\u00e9xico, M\u00e9xico, Am\u00e9rica.- La compa\u00f1\u00eda de Danza Folcl\u00f3rica de la Unidad Azcapotzalco&#8230;<\/p>\n","protected":false},"author":1,"featured_media":382460,"comment_status":"open","ping_status":"open","sticky":false,"template":"","format":"standard","meta":{"footnotes":""},"categories":[151],"tags":[],"class_list":["post-382459","post","type-post","status-publish","format-standard","has-post-thumbnail","hentry","category-espectaculos"],"gutentor_comment":0,"_links":{"self":[{"href":"https:\/\/www.elplaneta.mx\/index.php?rest_route=\/wp\/v2\/posts\/382459","targetHints":{"allow":["GET"]}}],"collection":[{"href":"https:\/\/www.elplaneta.mx\/index.php?rest_route=\/wp\/v2\/posts"}],"about":[{"href":"https:\/\/www.elplaneta.mx\/index.php?rest_route=\/wp\/v2\/types\/post"}],"author":[{"embeddable":true,"href":"https:\/\/www.elplaneta.mx\/index.php?rest_route=\/wp\/v2\/users\/1"}],"replies":[{"embeddable":true,"href":"https:\/\/www.elplaneta.mx\/index.php?rest_route=%2Fwp%2Fv2%2Fcomments&post=382459"}],"version-history":[{"count":1,"href":"https:\/\/www.elplaneta.mx\/index.php?rest_route=\/wp\/v2\/posts\/382459\/revisions"}],"predecessor-version":[{"id":382461,"href":"https:\/\/www.elplaneta.mx\/index.php?rest_route=\/wp\/v2\/posts\/382459\/revisions\/382461"}],"wp:featuredmedia":[{"embeddable":true,"href":"https:\/\/www.elplaneta.mx\/index.php?rest_route=\/wp\/v2\/media\/382460"}],"wp:attachment":[{"href":"https:\/\/www.elplaneta.mx\/index.php?rest_route=%2Fwp%2Fv2%2Fmedia&parent=382459"}],"wp:term":[{"taxonomy":"category","embeddable":true,"href":"https:\/\/www.elplaneta.mx\/index.php?rest_route=%2Fwp%2Fv2%2Fcategories&post=382459"},{"taxonomy":"post_tag","embeddable":true,"href":"https:\/\/www.elplaneta.mx\/index.php?rest_route=%2Fwp%2Fv2%2Ftags&post=382459"}],"curies":[{"name":"wp","href":"https:\/\/api.w.org\/{rel}","templated":true}]}}