{"id":382462,"date":"2026-04-29T08:41:41","date_gmt":"2026-04-29T14:41:41","guid":{"rendered":"https:\/\/www.elplaneta.mx\/?p=382462"},"modified":"2026-04-29T08:41:45","modified_gmt":"2026-04-29T14:41:45","slug":"condenan-a-la-afore-banamex-a-devolver-el-saldo-de-retiro-a-persona-de-victoria","status":"publish","type":"post","link":"https:\/\/www.elplaneta.mx\/?p=382462","title":{"rendered":"Condenan a la Afore Banamex, a devolver el saldo de retiro a persona de Victoria"},"content":{"rendered":"<div class=\"wp-block-image\">\n<figure class=\"alignright size-full is-resized\"><img loading=\"lazy\" decoding=\"async\" width=\"282\" height=\"368\" src=\"https:\/\/www.elplaneta.mx\/wp-content\/themes\/elplaneta\/FOTOS\/Juez-Gladys-Salas-Parras.jpg\" alt=\"\" class=\"wp-image-381736\" style=\"width:147px;height:auto\" srcset=\"https:\/\/www.elplaneta.mx\/wp-content\/themes\/elplaneta\/FOTOS\/Juez-Gladys-Salas-Parras.jpg 282w, https:\/\/www.elplaneta.mx\/wp-content\/themes\/elplaneta\/FOTOS\/Juez-Gladys-Salas-Parras-230x300.jpg 230w\" sizes=\"auto, (max-width: 282px) 100vw, 282px\" \/><figcaption class=\"wp-element-caption\">Juez Gladys Salas Parras<\/figcaption><\/figure><\/div>\n\n<div class=\"wp-block-image\">\n<figure class=\"alignleft size-full is-resized\"><img loading=\"lazy\" decoding=\"async\" width=\"821\" height=\"531\" src=\"https:\/\/www.elplaneta.mx\/wp-content\/themes\/elplaneta\/FOTOS\/Afore-Banamex-Victoria.png\" alt=\"\" class=\"wp-image-382463\" style=\"width:536px;height:auto\" srcset=\"https:\/\/www.elplaneta.mx\/wp-content\/themes\/elplaneta\/FOTOS\/Afore-Banamex-Victoria.png 821w, https:\/\/www.elplaneta.mx\/wp-content\/themes\/elplaneta\/FOTOS\/Afore-Banamex-Victoria-300x194.png 300w, https:\/\/www.elplaneta.mx\/wp-content\/themes\/elplaneta\/FOTOS\/Afore-Banamex-Victoria-768x497.png 768w\" sizes=\"auto, (max-width: 821px) 100vw, 821px\" \/><\/figure><\/div>\n\n\n<p>Ciudad Victoria, Tamaulipas, M\u00e9xico, Am\u00e9rica.- La Administradora de Fondos de Ahorro para el Retiro (Afore) Banamex, deber\u00e1 devolver y pagar el saldo acumulado en la subcuenta de Retiro, Cesant\u00eda en Edad Avanzada y Vejez y Cuota Social, en favor de una persona, ya que as\u00ed lo conden\u00f3 el Poder Judicial Federal mediante la sentencia 79\/2025, ya que al beneficiario, le fue negado el otorgamiento de una pensi\u00f3n.<\/p>\n\n\n\n<p>La Jueza Gladys Salas Parras, titular del Primer Tribunal Laboral Federal de Asuntos Individuales en Victoria, resolvi\u00f3, est\u00e1 acreditado que al demandante le fue negada la pensi\u00f3n, conforme R\u00e9gimen de la Ley del Seguro Social vigente; y de esa manera, tiene derecho a la devoluci\u00f3n de los recursos de la cuenta individual, ya que \u00e9stos no est\u00e1n destinados a financiar la pensi\u00f3n, pues no cumpli\u00f3 los requisitos para el otorgamiento de pensi\u00f3n por el Instituto Mexicano del Seguro Social (IMSS).<\/p>\n\n\n\n<p>Es patente que el actor cumpli\u00f3 con la totalidad de los requisitos procesales para que prosperara su acci\u00f3n, esto es, contar con una resoluci\u00f3n de otorgamiento o negativa de pensi\u00f3n o en este caso el acuse de solicitud ante el organismo de seguridad social, por lo expuesto, es incuestionable que el accionante tiene el derecho a recibir los recursos acumulados en su cuenta de ahorro para el retiro, cesant\u00eda en edad avanzada y vejez.<\/p>\n\n\n\n<p>Tambi\u00e9n, es procedente que sea el Instituto Nacional del Fondo para la Vivienda de los Trabajadores (Infonavit), haga la devoluci\u00f3n del saldo correspondiente, sin que exista alguna salvedad, pues la \u00fanica excepci\u00f3n es que haya efectuado la transferencia a una entidad financiera, lo que no ocurre en la especie, al no ser opuesta por la demandada al momento de formular contestaci\u00f3n, de ah\u00ed que, dicha excepci\u00f3n es infundada, m\u00e1xime que, se acredita en primer t\u00e9rmino que el actor no cuenta con un cr\u00e9dito vigente.<\/p>\n\n\n\n<p>El Juzgado emite la sentencia, condenando a la Afore Banamex, a la devoluci\u00f3n y pago del saldo acumulado en la Subcuenta de Retiro, Cesant\u00eda en Edad Avanzada y Vejez y Cuota Social al actor; al Infonavit, a la devoluci\u00f3n y pago del saldo acumulado en la subcuenta de vivienda 1997 y\/o actualizaciones que se generen hasta el total cumplimiento de la sentencia.<\/p>\n","protected":false},"excerpt":{"rendered":"<p>Ciudad Victoria, Tamaulipas, M\u00e9xico, Am\u00e9rica.- La Administradora de Fondos de Ahorro para el Retiro (Afore)&#8230;<\/p>\n","protected":false},"author":1,"featured_media":382463,"comment_status":"open","ping_status":"open","sticky":false,"template":"","format":"standard","meta":{"footnotes":""},"categories":[583,20],"tags":[],"class_list":["post-382462","post","type-post","status-publish","format-standard","has-post-thumbnail","hentry","category-principales","category-tamaulipas"],"gutentor_comment":0,"_links":{"self":[{"href":"https:\/\/www.elplaneta.mx\/index.php?rest_route=\/wp\/v2\/posts\/382462","targetHints":{"allow":["GET"]}}],"collection":[{"href":"https:\/\/www.elplaneta.mx\/index.php?rest_route=\/wp\/v2\/posts"}],"about":[{"href":"https:\/\/www.elplaneta.mx\/index.php?rest_route=\/wp\/v2\/types\/post"}],"author":[{"embeddable":true,"href":"https:\/\/www.elplaneta.mx\/index.php?rest_route=\/wp\/v2\/users\/1"}],"replies":[{"embeddable":true,"href":"https:\/\/www.elplaneta.mx\/index.php?rest_route=%2Fwp%2Fv2%2Fcomments&post=382462"}],"version-history":[{"count":1,"href":"https:\/\/www.elplaneta.mx\/index.php?rest_route=\/wp\/v2\/posts\/382462\/revisions"}],"predecessor-version":[{"id":382464,"href":"https:\/\/www.elplaneta.mx\/index.php?rest_route=\/wp\/v2\/posts\/382462\/revisions\/382464"}],"wp:featuredmedia":[{"embeddable":true,"href":"https:\/\/www.elplaneta.mx\/index.php?rest_route=\/wp\/v2\/media\/382463"}],"wp:attachment":[{"href":"https:\/\/www.elplaneta.mx\/index.php?rest_route=%2Fwp%2Fv2%2Fmedia&parent=382462"}],"wp:term":[{"taxonomy":"category","embeddable":true,"href":"https:\/\/www.elplaneta.mx\/index.php?rest_route=%2Fwp%2Fv2%2Fcategories&post=382462"},{"taxonomy":"post_tag","embeddable":true,"href":"https:\/\/www.elplaneta.mx\/index.php?rest_route=%2Fwp%2Fv2%2Ftags&post=382462"}],"curies":[{"name":"wp","href":"https:\/\/api.w.org\/{rel}","templated":true}]}}