{"id":382473,"date":"2026-04-29T12:05:36","date_gmt":"2026-04-29T18:05:36","guid":{"rendered":"https:\/\/www.elplaneta.mx\/?p=382473"},"modified":"2026-04-29T12:05:40","modified_gmt":"2026-04-29T18:05:40","slug":"desarrollo-del-puerto-de-bonaire-una-estrategia-para-reducir-precios","status":"publish","type":"post","link":"https:\/\/www.elplaneta.mx\/?p=382473","title":{"rendered":"Desarrollo del puerto de Bonaire, una estrategia para reducir precios"},"content":{"rendered":"<div class=\"wp-block-image\">\n<figure class=\"alignleft size-full\"><img loading=\"lazy\" decoding=\"async\" width=\"614\" height=\"345\" src=\"https:\/\/www.elplaneta.mx\/wp-content\/themes\/elplaneta\/FOTOS\/29B4674968566.jpg\" alt=\"\" class=\"wp-image-382474\" srcset=\"https:\/\/www.elplaneta.mx\/wp-content\/themes\/elplaneta\/FOTOS\/29B4674968566.jpg 614w, https:\/\/www.elplaneta.mx\/wp-content\/themes\/elplaneta\/FOTOS\/29B4674968566-300x169.jpg 300w\" sizes=\"auto, (max-width: 614px) 100vw, 614px\" \/><\/figure><\/div>\n\n\n<p>Kralendijk, Bonaire, Am\u00e9rica.- El tan debatido desarrollo del puerto de Bonaire vuelve a cobrar impulso. El secretario de Estado, Eric van der Burg, confirma que se est\u00e1n llevando a cabo conversaciones con socios internacionales para impulsar la inversi\u00f3n.<\/p>\n\n\n\n<p>Durante una rueda de prensa, destac\u00f3 la importancia de mejorar la infraestructura: \u00abNecesitamos garantizar un mayor tr\u00e1fico, lo que podr\u00eda reducir los costes\u00bb.<\/p>\n\n\n\n<p>Seg\u00fan el secretario de Estado, la situaci\u00f3n actual del puerto contribuye a los altos precios en la isla. Tambi\u00e9n se\u00f1al\u00f3 el efecto de la escasa competencia: \u00abEs evidente que los monopolios tambi\u00e9n influyen en el aumento de los precios\u00bb.<\/p>\n\n\n\n<p>Por lo tanto, el gobierno est\u00e1 estudiando la posibilidad de ampliar el puerto, incluyendo la construcci\u00f3n de una terminal de contenedores. Este proyecto se est\u00e1 llevando a cabo en colaboraci\u00f3n con la Uni\u00f3n Europea, que podr\u00eda aportar financiaci\u00f3n.<\/p>\n\n\n\n<p>Los planes a\u00fan est\u00e1n en desarrollo y no se ha anunciado una fecha de inicio concreta. Lo que s\u00ed est\u00e1 claro es que el puerto desempe\u00f1a un papel fundamental en la reducci\u00f3n de costes y la mejora de la situaci\u00f3n econ\u00f3mica de Bonaire.<\/p>\n\n\n\n<p>(Bonaire, es un pa\u00eds en Am\u00e9rica, dependiente de Pa\u00edses Bajos)<\/p>\n","protected":false},"excerpt":{"rendered":"<p>Kralendijk, Bonaire, Am\u00e9rica.- El tan debatido desarrollo del puerto de Bonaire vuelve a cobrar impulso&#8230;.<\/p>\n","protected":false},"author":1,"featured_media":382474,"comment_status":"open","ping_status":"open","sticky":false,"template":"","format":"standard","meta":{"footnotes":""},"categories":[139],"tags":[],"class_list":["post-382473","post","type-post","status-publish","format-standard","has-post-thumbnail","hentry","category-continental"],"gutentor_comment":0,"_links":{"self":[{"href":"https:\/\/www.elplaneta.mx\/index.php?rest_route=\/wp\/v2\/posts\/382473","targetHints":{"allow":["GET"]}}],"collection":[{"href":"https:\/\/www.elplaneta.mx\/index.php?rest_route=\/wp\/v2\/posts"}],"about":[{"href":"https:\/\/www.elplaneta.mx\/index.php?rest_route=\/wp\/v2\/types\/post"}],"author":[{"embeddable":true,"href":"https:\/\/www.elplaneta.mx\/index.php?rest_route=\/wp\/v2\/users\/1"}],"replies":[{"embeddable":true,"href":"https:\/\/www.elplaneta.mx\/index.php?rest_route=%2Fwp%2Fv2%2Fcomments&post=382473"}],"version-history":[{"count":1,"href":"https:\/\/www.elplaneta.mx\/index.php?rest_route=\/wp\/v2\/posts\/382473\/revisions"}],"predecessor-version":[{"id":382475,"href":"https:\/\/www.elplaneta.mx\/index.php?rest_route=\/wp\/v2\/posts\/382473\/revisions\/382475"}],"wp:featuredmedia":[{"embeddable":true,"href":"https:\/\/www.elplaneta.mx\/index.php?rest_route=\/wp\/v2\/media\/382474"}],"wp:attachment":[{"href":"https:\/\/www.elplaneta.mx\/index.php?rest_route=%2Fwp%2Fv2%2Fmedia&parent=382473"}],"wp:term":[{"taxonomy":"category","embeddable":true,"href":"https:\/\/www.elplaneta.mx\/index.php?rest_route=%2Fwp%2Fv2%2Fcategories&post=382473"},{"taxonomy":"post_tag","embeddable":true,"href":"https:\/\/www.elplaneta.mx\/index.php?rest_route=%2Fwp%2Fv2%2Ftags&post=382473"}],"curies":[{"name":"wp","href":"https:\/\/api.w.org\/{rel}","templated":true}]}}