{"id":382476,"date":"2026-04-29T12:08:55","date_gmt":"2026-04-29T18:08:55","guid":{"rendered":"https:\/\/www.elplaneta.mx\/?p=382476"},"modified":"2026-04-29T12:08:59","modified_gmt":"2026-04-29T18:08:59","slug":"ava-y-damaso-son-familia-uat","status":"publish","type":"post","link":"https:\/\/www.elplaneta.mx\/?p=382476","title":{"rendered":"Ava y D\u00e1maso son familia UAT"},"content":{"rendered":"\n<p>Por Ambrocio L\u00f3pez Guti\u00e9rrez<\/p>\n\n\n\n<p>Una de las tareas m\u00e1s urgentes, luego de la contundente victoria de la cuarta transformaci\u00f3n en Tamaulipas, ha sido cambiar la deteriorada imagen que dejaron las gestiones prianistas en las instituciones de educaci\u00f3n superior, especialmente la Universidad Aut\u00f3noma de Tamaulipas. Los rectores Enrique Etienne P\u00e9rez del R\u00edo y Guillermo Mendoza Cavazos se caracterizaron por ejercer represi\u00f3n laboral a quienes se atrevieron a protestar por los bajos salarios y despidieron o reprimieron econ\u00f3mica, pol\u00edtica y jur\u00eddicamente a quienes se rebelaron contra el autoritarismo. La pestilente corrupci\u00f3n se apoltron\u00f3 principalmente en el \u00e1rea financiera y administrativa que manejaba personalmente el primo del exgobernador Francisco Javier Garc\u00eda Cabeza de Vaca quien huy\u00f3 por la puerta trasera del gobierno (y sigue pr\u00f3fugo).<\/p>\n\n\n\n<p>El gobernador Am\u00e9rico Villarreal Anaya tuvo que valerse de su primo D\u00e1maso para comenzar a limpiar la cara de la UAT apoy\u00e1ndolo para que haga una buena gesti\u00f3n, haci\u00e9ndole sugerencias para que nombre directores honorables en las facultades y escuelas. Los gobernadores anteriores estuvieron muy cerca de la Universidad, se sirvieron de ella, sin embargo, AVA es el primero que es omnipresente en los campus de toda la entidad y quien dude puede ver las fotograf\u00edas que se instalaron en el Centro Universitario Victoria donde los primos Villarreal Anaya y Anaya Alvarado aparecen juntos evidenciando que, por si hubiera alguna duda, ambos son familia UAT. Las primas Mar\u00eda e Isolda, congruentes con la cercan\u00eda de sus respectivos maridos aparecen frecuentemente retratadas en los medios impresos y digitales ya sea regalando juguetes a los ni\u00f1os pobres o llevando diversi\u00f3n a ni\u00f1os y ni\u00f1as de Tamaulipas. La relaci\u00f3n de AVA con D\u00e1maso demuestra que el sistema es m\u00e1s afectivo que ideol\u00f3gico.<\/p>\n\n\n\n<p>\u00a1Qu\u00e9 divertido!, expresaron la ma\u00f1ana del s\u00e1bado, ni\u00f1as y ni\u00f1os que corrieron entre los tres m\u00f3dulos que instal\u00f3 la Universidad Aut\u00f3noma de Tamaulipas en el festival familiar DIFzania 2026. Y es que en el Recinto Ferial del Parque Bicentenario, se dieron cita decenas de familias completas. Padres con sus hijos llenos de energ\u00eda que acudieron a los stands de las principales instituciones de Tamaulipas para celebrar el D\u00eda del Ni\u00f1o (y de la ni\u00f1a). En un ambiente de alegr\u00eda y sano esparcimiento, que incluso fue favorecido por el clima que nubl\u00f3 toda la ma\u00f1ana, se llev\u00f3 a cabo este evento dedicado a la infancia de Ciudad Victoria y donde la UAT tuvo una fuerte y nutrida presencia con distintas actividades cuyo prop\u00f3sito fue acercar el quehacer universitario a los ni\u00f1os quienes disfrutaron de juegos l\u00fadicos, botargas y din\u00e1micas deportivas.<\/p>\n\n\n\n<p>Desde temprana hora las familias que se dieron cita al recinto ferial de Ciudad Victoria pudieron convivir con los jugadores del Equipo de F\u00fatbol Correcaminos de la UAT, as\u00ed como con las jugadoras del CorreBasket UAT. En ese marco, el rector D\u00e1maso Anaya Alvarado y su esposa la Isolda Rend\u00f3n de Anaya, recibieron al gobernador Am\u00e9rico Villarreal Anaya y a su esposa Mar\u00eda Santiago de Villarreal, quienes previamente hab\u00edan inaugurado el evento y recorrido \u00e1reas como: La Salud, donde conocieron el Protocolo de Vacunaci\u00f3n y los Objetivos de la Semana de Vacunaci\u00f3n. En los m\u00f3dulos, los asistentes conocieron el proceso de elaboraci\u00f3n de la lombricomposta que es un biofertilizante org\u00e1nico de alta calidad, producido por la digesti\u00f3n de residuos org\u00e1nicos por parte de lombrices. Adem\u00e1s, los ni\u00f1os se divirtieron en la din\u00e1mica \u201c100 matem\u00e1ticos dijeron\u201d e interactuaron con los juegos de realidad virtual que present\u00f3 la Universidad.<\/p>\n\n\n\n<p>EN LOS STANDS DEPORTIVOS, los ni\u00f1os pudieron convivir con los jugadores y jugadoras profesionales de los equipos de la UAT, quienes, adem\u00e1s, dieron consejos sobre c\u00f3mo ser mejores en la t\u00e9cnica para el f\u00fatbol y el basquetbol. Estos lugares fueron visitados por el mandatario tamaulipeco y su esposa quienes al igual que los ni\u00f1os practicaron las amenidades ofrecidas por los empleados de la Universidad. Al final de la jornada el rector D\u00e1maso Anaya, destac\u00f3 la importancia de acercar la actividad de la UAT a la comunidad infantil y felicit\u00f3 el esfuerzo de Mar\u00eda de Villarreal, al organizar un evento de tanta relevancia para el sano esparcimiento de las familias en esta capital. Cientos de ni\u00f1os, j\u00f3venes y adultos disfrutaron de una calurosa tarde mitigada por las paletitas heladas, las botargas, los juegos, pero tambi\u00e9n el aprendizaje llevado por la UAT, donde los peque\u00f1os interactuaron con la realidad virtual y con la ciencia b\u00e1sica.<\/p>\n\n\n\n<p>Con el fin de analizar los desaf\u00edos sociales contempor\u00e1neos y proponer soluciones innovadoras, la Universidad Aut\u00f3noma de Tamaulipas ser\u00e1 sede del LXIII Congreso Nacional y XIII Internacional de Trabajo Social, que se llevar\u00e1 a cabo del 7 al 9 de mayo de 2026 en el Campus Victoria. Blanca Guadalupe Cid de Le\u00f3n Bujanos, directora de la Unidad Acad\u00e9mica de Trabajo Social y Ciencias para el Desarrollo Humano, inform\u00f3 que este encuentro se organiza con el respaldo del rector D\u00e1maso Anaya Alvarado y la colaboraci\u00f3n de la Asociaci\u00f3n Mexicana de Escuelas de Trabajo Social (AMIETS). Indic\u00f3 que, bajo el lema \u00abDerechos Sociales, Bienestar y Buen Vivir\u00bb, el evento busca fortalecer el impacto de la profesi\u00f3n en la reconstrucci\u00f3n del tejido social, donde se contar\u00e1 con la participaci\u00f3n de especialistas nacionales e internacionales.<\/p>\n\n\n\n<p>En ese contexto, destac\u00f3 la importancia de profundizar en las necesidades y las problem\u00e1ticas principales de la sociedad \u201cpara poder contribuir a que el tejido social realmente sea impactado, con lo que nosotros tenemos como parte de la formaci\u00f3n acad\u00e9mica\u201d, se\u00f1al\u00f3. Explic\u00f3 que esta disciplina ha evolucionado de manera importante con el paso de los a\u00f1os, y recalc\u00f3 la trascendencia de impulsar estos congresos acad\u00e9micos y de investigaci\u00f3n para involucrar a los futuros profesionales en las nuevas tendencias, as\u00ed como con el estudio y estrategias que ser\u00e1n claves para afrontar las problem\u00e1ticas que afectan a la sociedad.<\/p>\n\n\n\n<p>La directora Blanca Guadalupe Cid de Le\u00f3n inform\u00f3 que se ha convocado la participaci\u00f3n de especialistas, acad\u00e9micos y profesionales del trabajo social y otras \u00e1reas, con la finalidad de crear un espacio para el intercambio de experiencias que enriquecer\u00e1n la formaci\u00f3n del alumnado. Indic\u00f3 que, en referencia a las tem\u00e1ticas de este encuentro, la instituci\u00f3n ha venido trabajando de manera permanente con otras facultades de diferentes universidades del pa\u00eds, adem\u00e1s de publicar libros y otros productos acad\u00e9micos que se estar\u00e1n exponiendo durante los eventos. Finalmente, agradeci\u00f3 al rector por su apoyo incondicional, su respaldo y el compromiso para que se lleve este importante encuentro acad\u00e9mico que, sin duda, contribuir\u00e1 al fortalecimiento de la formaci\u00f3n profesional y el impulso del trabajo social en Tamaulipas y M\u00e9xico.<\/p>\n\n\n\n<p>EL RECTOR DE LA UAT encabez\u00f3 junto con el secretario de Turismo de Tamaulipas y el director general del Consejo Tamaulipeco de Ciencia y Tecnolog\u00eda, Julio Mart\u00ednez Burnes, la presentaci\u00f3n y entrega de resultados finales del proyecto \u201cResignificaci\u00f3n del patrimonio tur\u00edstico tangible e intangible de Tamaulipas\u201d. El resultado de esta investigaci\u00f3n aporta herramientas para diversificar la vocaci\u00f3n tur\u00edstica de la entidad y fortalece la preservaci\u00f3n de su riqueza cultural y natural, destac\u00f3 el rector D\u00e1maso Anaya en su mensaje. El rector subray\u00f3 que este proyecto responde a una necesidad estrat\u00e9gica para comprender y potenciar la riqueza patrimonial de Tamaulipas, incorporando nuevas perspectivas como el turismo rural, ecol\u00f3gico, comunitario y de monta\u00f1a, bajo una visi\u00f3n integral y sostenible. Se\u00f1al\u00f3 que esta iniciativa demuestra c\u00f3mo la investigaci\u00f3n puede traducirse en herramientas con impacto social.<\/p>\n\n\n\n<p>A\u00f1adi\u00f3 que los resultados presentados \u201cson evidencia concreta de que la Universidad Aut\u00f3noma de Tamaulipas mantiene una presencia firme y competitiva en las convocatorias p\u00fablicas de ciencia, tecnolog\u00eda y cultura, sustentada en el rigor acad\u00e9mico y en el compromiso con la sociedad\u201d. Por su parte, el director del COTACYT, Julio Mart\u00ednez Burnes, subray\u00f3 que este trabajo forma parte del programa estatal de impulso a la investigaci\u00f3n cient\u00edfica, desarrollo tecnol\u00f3gico e innovaci\u00f3n, orientado a atender prioridades del estado mediante proyectos construidos desde la colaboraci\u00f3n entre academia y gobierno. En su intervenci\u00f3n, el secretario de Turismo, Benjam\u00edn Hern\u00e1ndez Rodr\u00edguez, destac\u00f3 que este trabajo fortalece al sector al integrar conocimiento, planeaci\u00f3n y profesionalizaci\u00f3n para consolidar nuevos productos tur\u00edsticos.<\/p>\n\n\n\n<p>Se\u00f1al\u00f3 que el inventario estatal elaborado por la UAT y el diplomado para gu\u00edas representan herramientas clave para beneficiar a las comunidades, elevar la calidad de la oferta tur\u00edstica e impulsar mayor bienestar y derrama econ\u00f3mica en las regiones. La exposici\u00f3n de resultados estuvo a cargo del investigador de la UAT y responsable t\u00e9cnico del proyecto, Octavio Herrera P\u00e9rez, quien explic\u00f3 que se integra un inventario del patrimonio tur\u00edstico natural y cultural de los 43 municipios de Tamaulipas, acompa\u00f1ado de un portafolio de servicios tur\u00edsticos y una base de datos especializada que servir\u00e1 para fortalecer la planeaci\u00f3n, promoci\u00f3n y dise\u00f1o de rutas tur\u00edsticas regionales. Entre los resultados destaca la realizaci\u00f3n de un diplomado para gu\u00edas tur\u00edsticos orientado a enriquecer la interpretaci\u00f3n hist\u00f3rica, cultural y patrimonial de los destinos tamaulipecos.<\/p>\n\n\n\n<p>Correo: amlogtz@gmail.com<\/p>\n","protected":false},"excerpt":{"rendered":"<p>Por Ambrocio L\u00f3pez Guti\u00e9rrez Una de las tareas m\u00e1s urgentes, luego de la contundente victoria&#8230;<\/p>\n","protected":false},"author":1,"featured_media":0,"comment_status":"closed","ping_status":"closed","sticky":false,"template":"","format":"standard","meta":{"footnotes":""},"categories":[5],"tags":[],"class_list":["post-382476","post","type-post","status-publish","format-standard","hentry","category-opinion"],"gutentor_comment":0,"_links":{"self":[{"href":"https:\/\/www.elplaneta.mx\/index.php?rest_route=\/wp\/v2\/posts\/382476","targetHints":{"allow":["GET"]}}],"collection":[{"href":"https:\/\/www.elplaneta.mx\/index.php?rest_route=\/wp\/v2\/posts"}],"about":[{"href":"https:\/\/www.elplaneta.mx\/index.php?rest_route=\/wp\/v2\/types\/post"}],"author":[{"embeddable":true,"href":"https:\/\/www.elplaneta.mx\/index.php?rest_route=\/wp\/v2\/users\/1"}],"replies":[{"embeddable":true,"href":"https:\/\/www.elplaneta.mx\/index.php?rest_route=%2Fwp%2Fv2%2Fcomments&post=382476"}],"version-history":[{"count":2,"href":"https:\/\/www.elplaneta.mx\/index.php?rest_route=\/wp\/v2\/posts\/382476\/revisions"}],"predecessor-version":[{"id":382478,"href":"https:\/\/www.elplaneta.mx\/index.php?rest_route=\/wp\/v2\/posts\/382476\/revisions\/382478"}],"wp:attachment":[{"href":"https:\/\/www.elplaneta.mx\/index.php?rest_route=%2Fwp%2Fv2%2Fmedia&parent=382476"}],"wp:term":[{"taxonomy":"category","embeddable":true,"href":"https:\/\/www.elplaneta.mx\/index.php?rest_route=%2Fwp%2Fv2%2Fcategories&post=382476"},{"taxonomy":"post_tag","embeddable":true,"href":"https:\/\/www.elplaneta.mx\/index.php?rest_route=%2Fwp%2Fv2%2Ftags&post=382476"}],"curies":[{"name":"wp","href":"https:\/\/api.w.org\/{rel}","templated":true}]}}