{"id":382485,"date":"2026-04-29T12:21:46","date_gmt":"2026-04-29T18:21:46","guid":{"rendered":"https:\/\/www.elplaneta.mx\/?p=382485"},"modified":"2026-04-29T12:21:50","modified_gmt":"2026-04-29T18:21:50","slug":"aprueban-registro-nacional-de-condenados-por-violencia-contra-la-mujer-en-brasil","status":"publish","type":"post","link":"https:\/\/www.elplaneta.mx\/?p=382485","title":{"rendered":"Aprueban registro nacional de condenados por violencia contra la mujer en Brasil"},"content":{"rendered":"<div class=\"wp-block-image\">\n<figure class=\"alignleft size-full is-resized\"><img loading=\"lazy\" decoding=\"async\" width=\"614\" height=\"345\" src=\"https:\/\/www.elplaneta.mx\/wp-content\/themes\/elplaneta\/FOTOS\/29B346346756755.jpg\" alt=\"\" class=\"wp-image-382486\" style=\"width:524px;height:auto\" srcset=\"https:\/\/www.elplaneta.mx\/wp-content\/themes\/elplaneta\/FOTOS\/29B346346756755.jpg 614w, https:\/\/www.elplaneta.mx\/wp-content\/themes\/elplaneta\/FOTOS\/29B346346756755-300x169.jpg 300w\" sizes=\"auto, (max-width: 614px) 100vw, 614px\" \/><figcaption class=\"wp-element-caption\">Sesi\u00f3n de la C\u00e1mara de Senadores de Brasil.<\/figcaption><\/figure><\/div>\n\n\n<p>Brasilia, Brasil, M\u00e9xico, Am\u00e9rica.- El Senado de Brasil aprob\u00f3 un proyecto de ley que establece la creaci\u00f3n de un registro nacional de personas condenadas por violencia contra la mujer, una medida destinada a fortalecer la prevenci\u00f3n y el combate a este tipo de delitos en el pa\u00eds, inform\u00f3 la C\u00e1mara Alta del pa\u00eds sudamericano.<\/p>\n\n\n\n<p>La iniciativa, ya avalada previamente por la C\u00e1mara de Diputados, fue aprobada sin modificaciones y ser\u00e1 enviada para la sanci\u00f3n del presidente Luiz In\u00e1cio Lula da Silva.<\/p>\n\n\n\n<p>El proyecto crea el denominado Registro Nacional de Personas Condenadas por Violencia contra la Mujer, una base de datos que reunir\u00e1 informaci\u00f3n de individuos con sentencia firme por delitos como feminicidio, violaci\u00f3n, acoso, lesiones corporales y violencia psicol\u00f3gica.<\/p>\n\n\n\n<p>De acuerdo con el texto aprobado, el sistema ser\u00e1 administrado a nivel federal y permitir\u00e1 compartir informaci\u00f3n entre los \u00f3rganos de seguridad p\u00fablica de la Uni\u00f3n, los estados y el Distrito Federal, con el objetivo de mejorar la coordinaci\u00f3n institucional.<\/p>\n\n\n\n<p>El registro incluir\u00e1 datos personales de los condenados, como nombre, documentos, fotograf\u00eda, huellas dactilares, direcci\u00f3n y detalles del delito cometido, una vez que la condena sea definitiva.<\/p>\n\n\n\n<p>Seg\u00fan los legisladores, la medida busca impedir que agresores condenados se desplacen entre distintas regiones para evadir a la justicia o reincidir en conductas violentas, adem\u00e1s de contribuir a la formulaci\u00f3n de pol\u00edticas p\u00fablicas de prevenci\u00f3n y protecci\u00f3n de las v\u00edctimas.<\/p>\n\n\n\n<p>Durante el debate en el Senado, parlamentarios destacaron que la herramienta permitir\u00e1 un mayor control por parte de las autoridades y facilitar\u00e1 el monitoreo de reincidentes, adem\u00e1s de fortalecer la respuesta del Estado frente a la violencia de g\u00e9nero.<\/p>\n\n\n\n<p>El proyecto forma parte de un conjunto de iniciativas del Congreso brasile\u00f1o orientadas a reforzar la lucha contra la violencia contra la mujer, un problema persistente en el pa\u00eds. Con la eventual sanci\u00f3n presidencial, el registro pasar\u00e1 a integrarse al sistema nacional de seguridad p\u00fablica.<\/p>\n","protected":false},"excerpt":{"rendered":"<p>Brasilia, Brasil, M\u00e9xico, Am\u00e9rica.- El Senado de Brasil aprob\u00f3 un proyecto de ley que establece&#8230;<\/p>\n","protected":false},"author":1,"featured_media":382486,"comment_status":"open","ping_status":"open","sticky":false,"template":"","format":"standard","meta":{"footnotes":""},"categories":[139],"tags":[],"class_list":["post-382485","post","type-post","status-publish","format-standard","has-post-thumbnail","hentry","category-continental"],"gutentor_comment":0,"_links":{"self":[{"href":"https:\/\/www.elplaneta.mx\/index.php?rest_route=\/wp\/v2\/posts\/382485","targetHints":{"allow":["GET"]}}],"collection":[{"href":"https:\/\/www.elplaneta.mx\/index.php?rest_route=\/wp\/v2\/posts"}],"about":[{"href":"https:\/\/www.elplaneta.mx\/index.php?rest_route=\/wp\/v2\/types\/post"}],"author":[{"embeddable":true,"href":"https:\/\/www.elplaneta.mx\/index.php?rest_route=\/wp\/v2\/users\/1"}],"replies":[{"embeddable":true,"href":"https:\/\/www.elplaneta.mx\/index.php?rest_route=%2Fwp%2Fv2%2Fcomments&post=382485"}],"version-history":[{"count":1,"href":"https:\/\/www.elplaneta.mx\/index.php?rest_route=\/wp\/v2\/posts\/382485\/revisions"}],"predecessor-version":[{"id":382487,"href":"https:\/\/www.elplaneta.mx\/index.php?rest_route=\/wp\/v2\/posts\/382485\/revisions\/382487"}],"wp:featuredmedia":[{"embeddable":true,"href":"https:\/\/www.elplaneta.mx\/index.php?rest_route=\/wp\/v2\/media\/382486"}],"wp:attachment":[{"href":"https:\/\/www.elplaneta.mx\/index.php?rest_route=%2Fwp%2Fv2%2Fmedia&parent=382485"}],"wp:term":[{"taxonomy":"category","embeddable":true,"href":"https:\/\/www.elplaneta.mx\/index.php?rest_route=%2Fwp%2Fv2%2Fcategories&post=382485"},{"taxonomy":"post_tag","embeddable":true,"href":"https:\/\/www.elplaneta.mx\/index.php?rest_route=%2Fwp%2Fv2%2Ftags&post=382485"}],"curies":[{"name":"wp","href":"https:\/\/api.w.org\/{rel}","templated":true}]}}