{"id":382493,"date":"2026-04-29T12:34:56","date_gmt":"2026-04-29T18:34:56","guid":{"rendered":"https:\/\/www.elplaneta.mx\/?p=382493"},"modified":"2026-04-29T12:35:00","modified_gmt":"2026-04-29T18:35:00","slug":"desde-octubre-del-2021-tribunal-laboral-de-tamaulipas-no-ejecuta-laudo","status":"publish","type":"post","link":"https:\/\/www.elplaneta.mx\/?p=382493","title":{"rendered":"Desde octubre del 2021, Tribunal Laboral de Tamaulipas, no ejecuta Laudo"},"content":{"rendered":"<div class=\"wp-block-image\">\n<figure class=\"alignleft size-full\"><img loading=\"lazy\" decoding=\"async\" width=\"357\" height=\"293\" src=\"https:\/\/www.elplaneta.mx\/wp-content\/themes\/elplaneta\/FOTOS\/Tcatsem-Oscar-Godoy-Espinosa.jpeg\" alt=\"\" class=\"wp-image-382494\" srcset=\"https:\/\/www.elplaneta.mx\/wp-content\/themes\/elplaneta\/FOTOS\/Tcatsem-Oscar-Godoy-Espinosa.jpeg 357w, https:\/\/www.elplaneta.mx\/wp-content\/themes\/elplaneta\/FOTOS\/Tcatsem-Oscar-Godoy-Espinosa-300x246.jpeg 300w\" sizes=\"auto, (max-width: 357px) 100vw, 357px\" \/><figcaption class=\"wp-element-caption\">Oscar Godoy Espinosa, presidente del Tribunal de Conciliaci\u00f3n y Arbitraje de los Trabajadores al Servicio del Estado y los Municipios (Tcatsem)<\/figcaption><\/figure><\/div>\n\n<div class=\"wp-block-image\">\n<figure class=\"alignright size-full\"><img loading=\"lazy\" decoding=\"async\" width=\"150\" height=\"175\" src=\"https:\/\/www.elplaneta.mx\/wp-content\/themes\/elplaneta\/FOTOS\/Juez-Jose-Guerrrero-Duran.jpg\" alt=\"\" class=\"wp-image-382034\" \/><figcaption class=\"wp-element-caption\">Juez Jos\u00e9 Guerrrero Dur\u00e1n<\/figcaption><\/figure><\/div>\n\n\n<p>Ciudad Victoria, Tamaulipas, M\u00e9xico, Am\u00e9rica.- Desde octubre del 2021, Oscar Godoy Espinosa, presidente del Tribunal de Conciliaci\u00f3n y Arbitraje de los Trabajadores al Servicio del Estado y los Municipios (Tcatsem), no ha ejecutado un Laudo en contra de la Administraci\u00f3n Estatal, ante lo cual el Poder Judicial Federal, viene requiriendo el cumplimiento de la sentencia 1647\/2021, que otorgo el amparo, a fin de que se cumpla la resoluci\u00f3n laboral.<\/p>\n\n\n\n<p>El Juez Jos\u00e9 Guerrero Dur\u00e1n,, titular del Juzgado Segundo de Distrito en Victoria (al momento de la sentencia), en la etapa de ejecuci\u00f3n del Laudo, mediante acuerdo de ocho de octubre de dos mil veintiuno, el Presidente del Tribunal requiri\u00f3 a la Secretar\u00eda de Finanzas del Gobierno del Estado, a fin de que diera cumplimiento al laudo dictado dentro del juicio laboral 279\/E\/2013, sin que a la fecha se haya hecho entrega a la inconforme del numerario correspondiente con motivo del cr\u00e9dito laboral que obtuvo.<\/p>\n\n\n\n<p>Por lo que, resulta sustancialmente fundado el concepto de violaci\u00f3n que hace valer el demandante de garant\u00edas, relativo a que, en el procedimiento de ejecuci\u00f3n del laudo, la autoridad responsable no ha dictado las medidas de necesarias, a fin de hacer cumplir el laudo dentro del t\u00e9rmino legal, de conformidad con el art\u00edculo 118 de la Ley del Trabajo de los Servidores P\u00fablicos del Estado de Tamaulipas.<\/p>\n\n\n\n<p>Lo anterior, hace patente la violaci\u00f3n al derecho fundamental consagrado en el art\u00edculo 17 de la Constituci\u00f3n Federal que se reclama al Presidente del Tcatsem, toda vez que, se advierte un retardo injustificado, pues no obstante que la referida autoridad requiri\u00f3 el cumplimiento del laudo pronunciado en el juicio de origen a la parte demandada; es patente que la fecha en que se act\u00faa, \u00e9ste no se ha obtenido, lo que contraviene lo dispuesto en el art\u00edculo 118 de la Ley del Trabajo de los Servidores P\u00fablicos del Estado de Tamaulipas.<\/p>\n\n\n\n<p>La sentencia emitida el 13 de diciembre del 2021, otorgo el amparo para que, el presidente del Tcatsem, requiera el cumplimiento del laudo, debiendo apercibir a las autoridades con las medidas de apremio que tenga a su alcance y, en caso de contumacia, aplicar \u00e9stas hasta lograr su cumplimento; debiendo destacar que la Juez Dafne Miroslaba Carrillo de Le\u00f3n, titular actual del Juzgado, viene requiriendo la ejecuci\u00f3n.<\/p>\n","protected":false},"excerpt":{"rendered":"<p>Ciudad Victoria, Tamaulipas, M\u00e9xico, Am\u00e9rica.- Desde octubre del 2021, Oscar Godoy Espinosa, presidente del Tribunal&#8230;<\/p>\n","protected":false},"author":1,"featured_media":382494,"comment_status":"open","ping_status":"open","sticky":false,"template":"","format":"standard","meta":{"footnotes":""},"categories":[6,583,20],"tags":[],"class_list":["post-382493","post","type-post","status-publish","format-standard","has-post-thumbnail","hentry","category-baltazar","category-principales","category-tamaulipas"],"gutentor_comment":0,"_links":{"self":[{"href":"https:\/\/www.elplaneta.mx\/index.php?rest_route=\/wp\/v2\/posts\/382493","targetHints":{"allow":["GET"]}}],"collection":[{"href":"https:\/\/www.elplaneta.mx\/index.php?rest_route=\/wp\/v2\/posts"}],"about":[{"href":"https:\/\/www.elplaneta.mx\/index.php?rest_route=\/wp\/v2\/types\/post"}],"author":[{"embeddable":true,"href":"https:\/\/www.elplaneta.mx\/index.php?rest_route=\/wp\/v2\/users\/1"}],"replies":[{"embeddable":true,"href":"https:\/\/www.elplaneta.mx\/index.php?rest_route=%2Fwp%2Fv2%2Fcomments&post=382493"}],"version-history":[{"count":1,"href":"https:\/\/www.elplaneta.mx\/index.php?rest_route=\/wp\/v2\/posts\/382493\/revisions"}],"predecessor-version":[{"id":382495,"href":"https:\/\/www.elplaneta.mx\/index.php?rest_route=\/wp\/v2\/posts\/382493\/revisions\/382495"}],"wp:featuredmedia":[{"embeddable":true,"href":"https:\/\/www.elplaneta.mx\/index.php?rest_route=\/wp\/v2\/media\/382494"}],"wp:attachment":[{"href":"https:\/\/www.elplaneta.mx\/index.php?rest_route=%2Fwp%2Fv2%2Fmedia&parent=382493"}],"wp:term":[{"taxonomy":"category","embeddable":true,"href":"https:\/\/www.elplaneta.mx\/index.php?rest_route=%2Fwp%2Fv2%2Fcategories&post=382493"},{"taxonomy":"post_tag","embeddable":true,"href":"https:\/\/www.elplaneta.mx\/index.php?rest_route=%2Fwp%2Fv2%2Ftags&post=382493"}],"curies":[{"name":"wp","href":"https:\/\/api.w.org\/{rel}","templated":true}]}}