{"id":382519,"date":"2026-04-30T08:01:21","date_gmt":"2026-04-30T14:01:21","guid":{"rendered":"https:\/\/www.elplaneta.mx\/?p=382519"},"modified":"2026-04-30T08:01:25","modified_gmt":"2026-04-30T14:01:25","slug":"la-agencia-aeronautica-y-espacial-de-austria-alr-sin-noticias-de-prensa","status":"publish","type":"post","link":"https:\/\/www.elplaneta.mx\/?p=382519","title":{"rendered":"La Agencia Aeron\u00e1utica y Espacial de Austria (ALR), sin noticias de prensa"},"content":{"rendered":"<div class=\"wp-block-image\">\n<figure class=\"alignleft size-full is-resized\"><img loading=\"lazy\" decoding=\"async\" width=\"719\" height=\"403\" src=\"https:\/\/www.elplaneta.mx\/wp-content\/themes\/elplaneta\/FOTOS\/30A236349684766.jpg\" alt=\"\" class=\"wp-image-382520\" style=\"width:687px;height:auto\" srcset=\"https:\/\/www.elplaneta.mx\/wp-content\/themes\/elplaneta\/FOTOS\/30A236349684766.jpg 719w, https:\/\/www.elplaneta.mx\/wp-content\/themes\/elplaneta\/FOTOS\/30A236349684766-300x168.jpg 300w\" sizes=\"auto, (max-width: 719px) 100vw, 719px\" \/><\/figure><\/div>\n\n\n<p>Viena, Austria, Europa.- la Agencia Aeron\u00e1utica y Espacial de Austria, se mantiene sin actualizaci\u00f3n de noticias al p\u00fablico, la \u00faltima informaci\u00f3n se p\u00fablico&nbsp; el 28 de julio del 2025 y se publica como \u201cAustria en el Espacio\u201d.<\/p>\n\n\n\n<p>Austria en el Espacio es un escaparate de las actividades espaciales de Austria y un punto de encuentro para profesionales, talentos, medios de comunicaci\u00f3n y entusiastas del sector espacial: una comunidad que se apoya mutuamente en el desarrollo del sector espacial nacional y en el marco de la iniciativa Europa en el Espacio.<\/p>\n\n\n\n<p>Austria en el Espacio est\u00e1 abierta a la innovaci\u00f3n, la informaci\u00f3n y la interacci\u00f3n. La plataforma, creada y gestionada por el Ministerio Federal de Innovaci\u00f3n, Movilidad e Infraestructura (BMIMI), muestra el panorama actual de las actividades e instituciones espaciales austriacas. Ofrece una visi\u00f3n general completa de las oportunidades disponibles, desde la educaci\u00f3n primaria hasta las formas de experimentar el espacio a diario, adem\u00e1s de proporcionar oportunidades laborales.<\/p>\n\n\n\n<p>Austria en el Espacio enriquece la experiencia espacial para todos.<\/p>\n\n\n\n<p>Austria en el Espacio es para todos e invita a participar, involucrarse, comunicarse, presentarse y contribuir a definir nuestra experiencia espacial.<\/p>\n\n\n<div class=\"wp-block-image\">\n<figure class=\"alignright size-full is-resized\"><img loading=\"lazy\" decoding=\"async\" width=\"289\" height=\"98\" src=\"https:\/\/www.elplaneta.mx\/wp-content\/themes\/elplaneta\/FOTOS\/Austria-en-el-Espacio.jpg\" alt=\"\" class=\"wp-image-382521\" style=\"width:209px;height:auto\" \/><figcaption class=\"wp-element-caption\">Austria en el Espacio<\/figcaption><\/figure><\/div>\n\n\n<p>Austria en el Espacio es EL lugar de referencia para el espacio en Austria.<\/p>\n\n\n\n<p>Cabe destacar que, la Agencia Espacial Austriaca , conocida oficialmente desde 2005 como Agencia Aeron\u00e1utica y Espacial (en alem\u00e1n: Agentur f\u00fcr Luft- und Raumfahrt ), es una organizaci\u00f3n cuyo prop\u00f3sito es coordinar las actividades austriacas relacionadas con la exploraci\u00f3n espacial . Ha participado tanto en programas nacionales como en iniciativas multinacionales coordinadas a trav\u00e9s de la Agencia Espacial Europea (ESA).<\/p>\n\n\n\n<p>La Agencia Espacial Austriaca se fund\u00f3 en 1972 y su sede se encuentra en Viena . El 1 de enero de 1987, Austria se convirti\u00f3 en Estado miembro de la ESA. La agencia es conocida por haber coordinado el primer vuelo espacial de un austriaco, el del ingeniero Franz Viehb\u00f6ck a bordo de una nave espacial sovi\u00e9tica Soyuz , en 1990.<\/p>\n","protected":false},"excerpt":{"rendered":"<p>Viena, Austria, Europa.- la Agencia Aeron\u00e1utica y Espacial de Austria, se mantiene sin actualizaci\u00f3n de&#8230;<\/p>\n","protected":false},"author":1,"featured_media":382520,"comment_status":"open","ping_status":"open","sticky":false,"template":"","format":"standard","meta":{"footnotes":""},"categories":[210],"tags":[],"class_list":["post-382519","post","type-post","status-publish","format-standard","has-post-thumbnail","hentry","category-el-espacio"],"gutentor_comment":0,"_links":{"self":[{"href":"https:\/\/www.elplaneta.mx\/index.php?rest_route=\/wp\/v2\/posts\/382519","targetHints":{"allow":["GET"]}}],"collection":[{"href":"https:\/\/www.elplaneta.mx\/index.php?rest_route=\/wp\/v2\/posts"}],"about":[{"href":"https:\/\/www.elplaneta.mx\/index.php?rest_route=\/wp\/v2\/types\/post"}],"author":[{"embeddable":true,"href":"https:\/\/www.elplaneta.mx\/index.php?rest_route=\/wp\/v2\/users\/1"}],"replies":[{"embeddable":true,"href":"https:\/\/www.elplaneta.mx\/index.php?rest_route=%2Fwp%2Fv2%2Fcomments&post=382519"}],"version-history":[{"count":1,"href":"https:\/\/www.elplaneta.mx\/index.php?rest_route=\/wp\/v2\/posts\/382519\/revisions"}],"predecessor-version":[{"id":382522,"href":"https:\/\/www.elplaneta.mx\/index.php?rest_route=\/wp\/v2\/posts\/382519\/revisions\/382522"}],"wp:featuredmedia":[{"embeddable":true,"href":"https:\/\/www.elplaneta.mx\/index.php?rest_route=\/wp\/v2\/media\/382520"}],"wp:attachment":[{"href":"https:\/\/www.elplaneta.mx\/index.php?rest_route=%2Fwp%2Fv2%2Fmedia&parent=382519"}],"wp:term":[{"taxonomy":"category","embeddable":true,"href":"https:\/\/www.elplaneta.mx\/index.php?rest_route=%2Fwp%2Fv2%2Fcategories&post=382519"},{"taxonomy":"post_tag","embeddable":true,"href":"https:\/\/www.elplaneta.mx\/index.php?rest_route=%2Fwp%2Fv2%2Ftags&post=382519"}],"curies":[{"name":"wp","href":"https:\/\/api.w.org\/{rel}","templated":true}]}}