{"id":382523,"date":"2026-04-30T08:09:10","date_gmt":"2026-04-30T14:09:10","guid":{"rendered":"https:\/\/www.elplaneta.mx\/?p=382523"},"modified":"2026-04-30T08:09:14","modified_gmt":"2026-04-30T14:09:14","slug":"en-ciudad-de-mexico-el-cen-del-pan-pide-al-senado-disolver-poderes-en-sinaloa","status":"publish","type":"post","link":"https:\/\/www.elplaneta.mx\/?p=382523","title":{"rendered":"En Ciudad de M\u00e9xico, el CEN del PAN pide al Senado disolver poderes en Sinaloa"},"content":{"rendered":"<div class=\"wp-block-image\">\n<figure class=\"alignleft size-full is-resized\"><img loading=\"lazy\" decoding=\"async\" width=\"658\" height=\"467\" src=\"https:\/\/www.elplaneta.mx\/wp-content\/themes\/elplaneta\/FOTOS\/Partido-PAN-Nacional-.jpg\" alt=\"\" class=\"wp-image-382524\" style=\"width:555px;height:auto\" srcset=\"https:\/\/www.elplaneta.mx\/wp-content\/themes\/elplaneta\/FOTOS\/Partido-PAN-Nacional-.jpg 658w, https:\/\/www.elplaneta.mx\/wp-content\/themes\/elplaneta\/FOTOS\/Partido-PAN-Nacional--300x213.jpg 300w\" sizes=\"auto, (max-width: 658px) 100vw, 658px\" \/><figcaption class=\"wp-element-caption\">Sede nacional del Partido Acci\u00f3n Nacional (PAN) en Ciudad de M\u00e9xico, M\u00e9xico, Am\u00e9rica.<\/figcaption><\/figure><\/div>\n\n\n<p>Benito Ju\u00e1rez, Ciudad de M\u00e9xico, M\u00e9xico, Am\u00e9rica.- Acci\u00f3n Nacional afirm\u00f3 que las recientes acusaciones en Estados Unidos contra funcionarios del estado de Sinaloa por delitos contra la salud confirman una situaci\u00f3n que desde hace tiempo ha sido se\u00f1alada y que hoy adquiere una dimensi\u00f3n institucional.<\/p>\n\n\n\n<p>El partido se\u00f1al\u00f3 mediante comunicado de prensa, que lo que durante a\u00f1os se neg\u00f3 desde el oficialismo hoy se materializa en investigaciones formales, lo que convierte este caso en algo m\u00e1s que un esc\u00e1ndalo pol\u00edtico.<\/p>\n\n\n\n<p>\u201cEsto ya no es rumor ni especulaci\u00f3n. Estamos frente a una crisis de Estado que exige respuestas firmes y acciones inmediatas\u201d, advirti\u00f3 el blanquiazul.<\/p>\n\n\n<div class=\"wp-block-image\">\n<figure class=\"alignright size-full is-resized\"><img loading=\"lazy\" decoding=\"async\" width=\"384\" height=\"319\" src=\"https:\/\/www.elplaneta.mx\/wp-content\/themes\/elplaneta\/FOTOS\/PAN-Mexico.png\" alt=\"\" class=\"wp-image-382525\" style=\"width:158px;height:auto\" srcset=\"https:\/\/www.elplaneta.mx\/wp-content\/themes\/elplaneta\/FOTOS\/PAN-Mexico.png 384w, https:\/\/www.elplaneta.mx\/wp-content\/themes\/elplaneta\/FOTOS\/PAN-Mexico-300x249.png 300w\" sizes=\"auto, (max-width: 384px) 100vw, 384px\" \/><figcaption class=\"wp-element-caption\">PAN- M\u00e9xico<\/figcaption><\/figure><\/div>\n\n\n<p>Acci\u00f3n Nacional subray\u00f3 que Sinaloa enfrenta desde hace m\u00e1s de un a\u00f1o y medio una situaci\u00f3n de violencia constante, con p\u00e9rdidas humanas y afectaciones econ\u00f3micas, sin que el gobierno estatal haya logrado restablecer la seguridad.<\/p>\n\n\n\n<p>En ese contexto, sostuvo que un gobierno bajo este nivel de se\u00f1alamientos no cuenta con las condiciones para enfrentar la crisis ni para garantizar la tranquilidad de las familias.<\/p>\n\n\n\n<p>Por ello, el PAN consider\u00f3 que se debe evaluar de manera inmediata en el Senado de la Rep\u00fablica la desaparici\u00f3n de poderes en la entidad, como una medida prevista en la Constituci\u00f3n para situaciones extraordinarias.<\/p>\n\n\n\n<p>\u201cNo se trata de una medida extrema, sino de una respuesta necesaria ante una situaci\u00f3n que ha rebasado a las autoridades locales\u201d, se\u00f1al\u00f3.<\/p>\n\n\n\n<p>Finalmente, Acci\u00f3n Nacional advirti\u00f3 que M\u00e9xico no puede permitir que quienes tienen la responsabilidad de combatir al crimen organizado est\u00e9n bajo sospecha de v\u00ednculos con \u00e9l.<\/p>\n","protected":false},"excerpt":{"rendered":"<p>Benito Ju\u00e1rez, Ciudad de M\u00e9xico, M\u00e9xico, Am\u00e9rica.- Acci\u00f3n Nacional afirm\u00f3 que las recientes acusaciones en&#8230;<\/p>\n","protected":false},"author":1,"featured_media":382524,"comment_status":"open","ping_status":"open","sticky":false,"template":"","format":"standard","meta":{"footnotes":""},"categories":[130],"tags":[],"class_list":["post-382523","post","type-post","status-publish","format-standard","has-post-thumbnail","hentry","category-nacional"],"gutentor_comment":0,"_links":{"self":[{"href":"https:\/\/www.elplaneta.mx\/index.php?rest_route=\/wp\/v2\/posts\/382523","targetHints":{"allow":["GET"]}}],"collection":[{"href":"https:\/\/www.elplaneta.mx\/index.php?rest_route=\/wp\/v2\/posts"}],"about":[{"href":"https:\/\/www.elplaneta.mx\/index.php?rest_route=\/wp\/v2\/types\/post"}],"author":[{"embeddable":true,"href":"https:\/\/www.elplaneta.mx\/index.php?rest_route=\/wp\/v2\/users\/1"}],"replies":[{"embeddable":true,"href":"https:\/\/www.elplaneta.mx\/index.php?rest_route=%2Fwp%2Fv2%2Fcomments&post=382523"}],"version-history":[{"count":1,"href":"https:\/\/www.elplaneta.mx\/index.php?rest_route=\/wp\/v2\/posts\/382523\/revisions"}],"predecessor-version":[{"id":382526,"href":"https:\/\/www.elplaneta.mx\/index.php?rest_route=\/wp\/v2\/posts\/382523\/revisions\/382526"}],"wp:featuredmedia":[{"embeddable":true,"href":"https:\/\/www.elplaneta.mx\/index.php?rest_route=\/wp\/v2\/media\/382524"}],"wp:attachment":[{"href":"https:\/\/www.elplaneta.mx\/index.php?rest_route=%2Fwp%2Fv2%2Fmedia&parent=382523"}],"wp:term":[{"taxonomy":"category","embeddable":true,"href":"https:\/\/www.elplaneta.mx\/index.php?rest_route=%2Fwp%2Fv2%2Fcategories&post=382523"},{"taxonomy":"post_tag","embeddable":true,"href":"https:\/\/www.elplaneta.mx\/index.php?rest_route=%2Fwp%2Fv2%2Ftags&post=382523"}],"curies":[{"name":"wp","href":"https:\/\/api.w.org\/{rel}","templated":true}]}}