{"id":382530,"date":"2026-04-30T08:28:11","date_gmt":"2026-04-30T14:28:11","guid":{"rendered":"https:\/\/www.elplaneta.mx\/?p=382530"},"modified":"2026-04-30T08:28:15","modified_gmt":"2026-04-30T14:28:15","slug":"el-parlamento-de-aland-se-muestra-abierto-a-la-recompra-de-ferris","status":"publish","type":"post","link":"https:\/\/www.elplaneta.mx\/?p=382530","title":{"rendered":"El Parlamento de \u00c5land, se muestra abierto a la recompra de ferris"},"content":{"rendered":"<div class=\"wp-block-image\">\n<figure class=\"alignleft size-full\"><img loading=\"lazy\" decoding=\"async\" width=\"560\" height=\"373\" src=\"https:\/\/www.elplaneta.mx\/wp-content\/themes\/elplaneta\/FOTOS\/30A356349685675.jpg\" alt=\"\" class=\"wp-image-382531\" srcset=\"https:\/\/www.elplaneta.mx\/wp-content\/themes\/elplaneta\/FOTOS\/30A356349685675.jpg 560w, https:\/\/www.elplaneta.mx\/wp-content\/themes\/elplaneta\/FOTOS\/30A356349685675-300x200.jpg 300w\" sizes=\"auto, (max-width: 560px) 100vw, 560px\" \/><\/figure><\/div>\n\n\n<p>Mariehamn, \u00c5land, Europa.- Tras un debate inusualmente un\u00e1nime sobre el tr\u00e1fico mar\u00edtimo del archipi\u00e9lago, el Parlamento acord\u00f3 el mi\u00e9rcoles: se rechaz\u00f3 la moci\u00f3n de recompra, pero los ferris podr\u00edan ser recomprados si Axferries pierde la licitaci\u00f3n.<\/p>\n\n\n\n<p>El Parlamento aprob\u00f3 el informe un\u00e1nime de la Comisi\u00f3n de Finanzas y Asuntos Econ\u00f3micos, subrayando as\u00ed la importancia de la competencia en la pr\u00f3xima licitaci\u00f3n del tr\u00e1fico mar\u00edtimo del archipi\u00e9lago. Se trata de la mayor licitaci\u00f3n en la historia de \u00c5land, con un valor de 340 millones de euros.<\/p>\n\n\n\n<p>En su moci\u00f3n, el Grupo Independiente, el Grupo Moderado y Pro \u00c5land solicitaban que se activara la cl\u00e1usula de recompra y que la provincia recomprara los ferris a Axferries. Esta posibilidad se destaca ahora como una alternativa que podr\u00eda estudiarse si otro operador gana la licitaci\u00f3n.<\/p>\n\n\n\n<p>\u2014Me alegra mucho que hayamos contado con esta cooperaci\u00f3n. Y espero que el gobierno provincial tome en serio el mensaje del Parlamento \u2014declar\u00f3 Christian Wikstr\u00f6m (Ob).<\/p>\n\n\n\n<p>Tanto Nina Fellman (S) como Anders Ekstr\u00f6m (Lib) recalcaron que el comit\u00e9 no solo hab\u00eda llegado a un acuerdo sobre la recompra de acciones, sino que el gobierno provincial ya estaba trabajando para garantizar la competencia.<\/p>\n\n\n\n<p>Wille Valve (M) calific\u00f3 el resultado como un blanco f\u00e1cil para la oposici\u00f3n y critic\u00f3 la forma en que los liberales manejaron el debate de la consulta; sin embargo, el consenso se restableci\u00f3 cuando Benny Pettersson, de los liberales, concluy\u00f3 la discusi\u00f3n:<\/p>\n\n\n\n<p>\u2014Ya hemos tenido nuestro momento de paz.<\/p>\n\n\n\n<p>(\u00c5land es un pa\u00eds en Europa, dependiente de Finlandia)<\/p>\n","protected":false},"excerpt":{"rendered":"<p>Mariehamn, \u00c5land, Europa.- Tras un debate inusualmente un\u00e1nime sobre el tr\u00e1fico mar\u00edtimo del archipi\u00e9lago, el&#8230;<\/p>\n","protected":false},"author":1,"featured_media":382531,"comment_status":"open","ping_status":"open","sticky":false,"template":"","format":"standard","meta":{"footnotes":""},"categories":[4],"tags":[],"class_list":["post-382530","post","type-post","status-publish","format-standard","has-post-thumbnail","hentry","category-local"],"gutentor_comment":0,"_links":{"self":[{"href":"https:\/\/www.elplaneta.mx\/index.php?rest_route=\/wp\/v2\/posts\/382530","targetHints":{"allow":["GET"]}}],"collection":[{"href":"https:\/\/www.elplaneta.mx\/index.php?rest_route=\/wp\/v2\/posts"}],"about":[{"href":"https:\/\/www.elplaneta.mx\/index.php?rest_route=\/wp\/v2\/types\/post"}],"author":[{"embeddable":true,"href":"https:\/\/www.elplaneta.mx\/index.php?rest_route=\/wp\/v2\/users\/1"}],"replies":[{"embeddable":true,"href":"https:\/\/www.elplaneta.mx\/index.php?rest_route=%2Fwp%2Fv2%2Fcomments&post=382530"}],"version-history":[{"count":1,"href":"https:\/\/www.elplaneta.mx\/index.php?rest_route=\/wp\/v2\/posts\/382530\/revisions"}],"predecessor-version":[{"id":382532,"href":"https:\/\/www.elplaneta.mx\/index.php?rest_route=\/wp\/v2\/posts\/382530\/revisions\/382532"}],"wp:featuredmedia":[{"embeddable":true,"href":"https:\/\/www.elplaneta.mx\/index.php?rest_route=\/wp\/v2\/media\/382531"}],"wp:attachment":[{"href":"https:\/\/www.elplaneta.mx\/index.php?rest_route=%2Fwp%2Fv2%2Fmedia&parent=382530"}],"wp:term":[{"taxonomy":"category","embeddable":true,"href":"https:\/\/www.elplaneta.mx\/index.php?rest_route=%2Fwp%2Fv2%2Fcategories&post=382530"},{"taxonomy":"post_tag","embeddable":true,"href":"https:\/\/www.elplaneta.mx\/index.php?rest_route=%2Fwp%2Fv2%2Ftags&post=382530"}],"curies":[{"name":"wp","href":"https:\/\/api.w.org\/{rel}","templated":true}]}}