{"id":382564,"date":"2026-04-30T22:14:00","date_gmt":"2026-05-01T04:14:00","guid":{"rendered":"https:\/\/www.elplaneta.mx\/?p=382564"},"modified":"2026-05-01T09:26:30","modified_gmt":"2026-05-01T15:26:30","slug":"negligencia-juridica-de-la-junta-2-de-victoria-retrasa-por-amparo-juicio-laboral-de-reportero","status":"publish","type":"post","link":"https:\/\/www.elplaneta.mx\/?p=382564","title":{"rendered":"Negligencia jur\u00eddica de la Junta 2 de Victoria, retrasa por amparo juicio laboral de reportero"},"content":{"rendered":"<div class=\"wp-block-image\">\n<figure class=\"alignleft size-full\"><img loading=\"lazy\" decoding=\"async\" width=\"642\" height=\"470\" src=\"https:\/\/www.elplaneta.mx\/wp-content\/themes\/elplaneta\/FOTOS\/Periodico-El-Cinco-de-Victoria.jpg\" alt=\"\" class=\"wp-image-382565\" srcset=\"https:\/\/www.elplaneta.mx\/wp-content\/themes\/elplaneta\/FOTOS\/Periodico-El-Cinco-de-Victoria.jpg 642w, https:\/\/www.elplaneta.mx\/wp-content\/themes\/elplaneta\/FOTOS\/Periodico-El-Cinco-de-Victoria-300x220.jpg 300w\" sizes=\"auto, (max-width: 642px) 100vw, 642px\" \/><figcaption class=\"wp-element-caption\">Oficinas del Peri\u00f3dico El Cinco en Ciudad Victoria, Tamaulipas, M\u00e9xico, Am\u00e9rica. <\/figcaption><\/figure><\/div>\n\n<div class=\"wp-block-image\">\n<figure class=\"alignright size-full is-resized\"><img loading=\"lazy\" decoding=\"async\" width=\"227\" height=\"260\" src=\"https:\/\/www.elplaneta.mx\/wp-content\/themes\/elplaneta\/FOTOS\/Magistrado-Daniel-Ricardo-Flores-Lopez.jpg\" alt=\"\" class=\"wp-image-378213\" style=\"width:146px;height:auto\" \/><figcaption class=\"wp-element-caption\">Magistrado Daniel Ricardo Flores L\u00f3pez<\/figcaption><\/figure><\/div>\n\n\n<p>Ciudad Victoria, Tamaulipas, M\u00e9xico, Am\u00e9rica.- La negligencia jur\u00eddica de la Junta Especial N\u00famero Dos de la Local de Conciliaci\u00f3n y Arbitraje (JLCA) en Victoria, sigue retrasando los juicios laborales, ahora por no acotar al pago de un a\u00f1o a diversas prestaciones, mediante la ejecutoria 526\/2024, Magistrados Federales, otorgaron el amparo al peri\u00f3dico el Cinco de Victoria, en el caso de una condena la reinstalaci\u00f3n de un reportero despedido en el 2107.<\/p>\n\n\n\n<p>El Magistrado Daniel Ricardo Flores L\u00f3pez, presidente del Segundo Tribunal Colegiado en Materias Penal y de Trabajo del D\u00e9cimo Noveno Circuito en Victoria, dio a conocer la ejecutoria donde se resolvi\u00f3 que, si la ley y la Jurisprudencia ya han establecido que, trat\u00e1ndose del despido injustificado, cuando se condene al pago de la indemnizaci\u00f3n correspondiente, esta deber\u00e1 estar acotada a un m\u00e1ximo de doce meses, tanto para los salarios ca\u00eddos, como para las diversas prestaciones que se reclamen<\/p>\n\n\n\n<p>El 28 de junio del 2024, la Junta Especial N\u00famero Dos de la Local de Conciliaci\u00f3n y Arbitraje (JLCA) en Victoria, emiti\u00f3 el Laudo del juicio laboral 39\/2\/2017, condenando al peri\u00f3dico El Cinco, a la reinstalaci\u00f3n de del trabajador en el puesto de reportero, al pago de media hora interjornada; salarios ca\u00eddos, primeras nueve horas extras laboradas a la semana, proporcional de vacaciones, entre otros, la empresa recurre al juicio de amparo.<\/p>\n\n\n\n<p>El Magistrado Daniel Ricardo Flores L\u00f3pez, a quien correspondi\u00f3 estudiar el asunto, determino que, le asiste la raz\u00f3n a la cuando indica que, las condenas relativas a las prestaciones de vacaciones, prima vacacional, aguinaldo, as\u00ed como la relativa a los bonos de despensa, puntualidad y asistencia, no deb\u00eda cuantificarse por todo lo que dure el juicio de origen, hasta la reinstalaci\u00f3n, pues conforme a la Ley, dicha condena en t\u00e9rminos del art\u00edculo 48 de la Ley Federal del Trabajo estaba supeditada a un m\u00e1ximo de doce meses.<\/p>\n\n\n\n<p>El pleno judicial otorga el amparo para que, se deje insubsistente el laudo reclamado; se dicte un nuevo laudo en el que, reitere todo aquello que no fue materia de concesi\u00f3n, y en su lugar, se pronuncie nuevamente sobre las prestaciones consistentes en vacaciones, prima vacacional, aguinaldo, bonos de despensa, puntualidad y asistencia, ajust\u00e1ndose a los lineamientos expresados en esta ejecutoria.<\/p>\n\n\n\n<p>CONDENA COMPLETA DEL JUICIO LABORAL.<\/p>\n\n\n\n<p>La Junta Especial N\u00famero 2 de la JLCA, condeno al Peri\u00f3dico El Cinco de Victoria a:<\/p>\n\n\n\n<p>La reinstalaci\u00f3n del trabajador en el puesto de reportero, con un horario de 20:00 horas a las 2:00 am de lunes a viernes descansando s\u00e1bados y domingos; con la media hora interjornada; pago de salarios ca\u00eddos, pago de las primeras nueve horas extras laboradas a la semana, proporcional de vacaciones prima vacacional y de aguinaldo, pago de vacaciones, prima vacacional y aguinaldo por el tiempo que dur\u00f3 separado de su trabajo hasta la reinstalaci\u00f3n y dure la relaci\u00f3n laboral.<\/p>\n\n\n\n<p>A la Inscripci\u00f3n retroactiva ante el Instituto Mexicano del Seguro Social (IMSS), el Instituto del Fondo Nacional de la Vivienda de los Trabajadores (Infonavit) y al Sistema de Ahorro para el Retiro (SAR) a partir del despido injustificado 14 de febrero de 2017 hasta la fecha de reinstalaci\u00f3n o lo que dure la relaci\u00f3n de trabajo.<\/p>\n\n\n\n<p>Pago de bono de despensa bono de asistencia, y bono de puntualidad por todo el tiempo que dur\u00f3 separado de su trabajo, hasta la fecha de reinstalaci\u00f3n y mientras dure la relaci\u00f3n laboral.<\/p>\n","protected":false},"excerpt":{"rendered":"<p>Ciudad Victoria, Tamaulipas, M\u00e9xico, Am\u00e9rica.- La negligencia jur\u00eddica de la Junta Especial N\u00famero Dos de&#8230;<\/p>\n","protected":false},"author":1,"featured_media":382565,"comment_status":"open","ping_status":"open","sticky":false,"template":"","format":"standard","meta":{"footnotes":""},"categories":[6,583,20],"tags":[],"class_list":["post-382564","post","type-post","status-publish","format-standard","has-post-thumbnail","hentry","category-baltazar","category-principales","category-tamaulipas"],"gutentor_comment":0,"_links":{"self":[{"href":"https:\/\/www.elplaneta.mx\/index.php?rest_route=\/wp\/v2\/posts\/382564","targetHints":{"allow":["GET"]}}],"collection":[{"href":"https:\/\/www.elplaneta.mx\/index.php?rest_route=\/wp\/v2\/posts"}],"about":[{"href":"https:\/\/www.elplaneta.mx\/index.php?rest_route=\/wp\/v2\/types\/post"}],"author":[{"embeddable":true,"href":"https:\/\/www.elplaneta.mx\/index.php?rest_route=\/wp\/v2\/users\/1"}],"replies":[{"embeddable":true,"href":"https:\/\/www.elplaneta.mx\/index.php?rest_route=%2Fwp%2Fv2%2Fcomments&post=382564"}],"version-history":[{"count":1,"href":"https:\/\/www.elplaneta.mx\/index.php?rest_route=\/wp\/v2\/posts\/382564\/revisions"}],"predecessor-version":[{"id":382566,"href":"https:\/\/www.elplaneta.mx\/index.php?rest_route=\/wp\/v2\/posts\/382564\/revisions\/382566"}],"wp:featuredmedia":[{"embeddable":true,"href":"https:\/\/www.elplaneta.mx\/index.php?rest_route=\/wp\/v2\/media\/382565"}],"wp:attachment":[{"href":"https:\/\/www.elplaneta.mx\/index.php?rest_route=%2Fwp%2Fv2%2Fmedia&parent=382564"}],"wp:term":[{"taxonomy":"category","embeddable":true,"href":"https:\/\/www.elplaneta.mx\/index.php?rest_route=%2Fwp%2Fv2%2Fcategories&post=382564"},{"taxonomy":"post_tag","embeddable":true,"href":"https:\/\/www.elplaneta.mx\/index.php?rest_route=%2Fwp%2Fv2%2Ftags&post=382564"}],"curies":[{"name":"wp","href":"https:\/\/api.w.org\/{rel}","templated":true}]}}