{"id":382577,"date":"2026-05-01T09:50:21","date_gmt":"2026-05-01T15:50:21","guid":{"rendered":"https:\/\/www.elplaneta.mx\/?p=382577"},"modified":"2026-05-01T09:50:25","modified_gmt":"2026-05-01T15:50:25","slug":"se-consolida-la-uat-con-damaso-anaya","status":"publish","type":"post","link":"https:\/\/www.elplaneta.mx\/?p=382577","title":{"rendered":"Se consolida la UAT con D\u00e1maso Anaya"},"content":{"rendered":"\n<p>Por: Alejandro Govea Torres<\/p>\n\n\n\n<p>&nbsp;&nbsp;&nbsp;&nbsp;&nbsp;&nbsp;&nbsp;&nbsp; El rector D\u00e1maso Anaya Alvarado present\u00f3 ayer su Segundo Informe de Labores en el Centro de Excelencia de la UAT Campus Victoria, en donde habl\u00f3 de la ampliaci\u00f3n de la matr\u00edcula, de la diversificaci\u00f3n de la oferta acad\u00e9mica, el fortalecimiento de la investigaci\u00f3n y la constante vinculaci\u00f3n con los sectores productivos, entre otros logros que se han tenido en nuestra alma mater.<\/p>\n\n\n\n<p>&nbsp;&nbsp;&nbsp;&nbsp;&nbsp;&nbsp;&nbsp;&nbsp; Acompa\u00f1ado por el gobernador Am\u00e9rico Villarreal Anaya, el rector Anaya Alvarado se refiri\u00f3 a los programas acad\u00e9micos que se desarrollan en cada una de las facultades y escuelas, as\u00ed como tambi\u00e9n de los trabajos que efect\u00faan los investigadores de la UAT, entre los que se encuentra un sistema para la detecci\u00f3n temprana de tumores cerebrales de forma no invasiva que tiene a su cargo la doctora Luz Idalia Balderas Garc\u00eda, de la Unidad Acad\u00e9mica Multidisciplinaria Reynosa Rodhe.<\/p>\n\n\n\n<p>&nbsp;&nbsp;&nbsp;&nbsp;&nbsp;&nbsp;&nbsp;&nbsp; De igual forma, se desarrolla un proyecto para analizar los efectos secundarios de los medicamentos usados en el tratamiento del c\u00e1ncer en ni\u00f1os, cuya investigaci\u00f3n est\u00e1 a cargo del doctor Juan Miguel Jim\u00e9nez Andrade de la Unidad Multidisciplinaria Reynosa Aztl\u00e1n.<\/p>\n\n\n\n<p>&nbsp;&nbsp;&nbsp;&nbsp;&nbsp;&nbsp;&nbsp;&nbsp; Cabe destacar, que est\u00e1 investigaci\u00f3n de la UAT es financiada por la Secretar\u00eda de Ciencia, Humanidades, Tecnolog\u00eda e Innovaci\u00f3n, que encabeza la doctora Rosaura Ruiz Guti\u00e9rrez.<\/p>\n\n\n\n<p>&nbsp;&nbsp;&nbsp;&nbsp;&nbsp;&nbsp;&nbsp;&nbsp; En el \u00e1mbito productivo, la UAT tambi\u00e9n ha participado en varios programas de investigaci\u00f3n, como el que se desarrolla en forma conjunta con autoridades sanitarias de Veracruz, San Luis Potos\u00ed y Tamaulipas para tender una barrera de contenci\u00f3n del gusano barrenador en beneficio de los ganaderos.<\/p>\n\n\n\n<p>&nbsp;&nbsp;&nbsp;&nbsp;&nbsp;&nbsp;&nbsp;&nbsp; En la actualidad, veterinarios de la UAT desarrollan un programa de monitoreo con trampas entomol\u00f3gicas en zonas estrat\u00e9gicas, en donde se han conformado brigadas comunitarias para el tratamiento de animales infestados, recolectar muestras para que sean analizadas en laboratorios.<\/p>\n\n\n\n<p>&nbsp;&nbsp;&nbsp;&nbsp;&nbsp;&nbsp;&nbsp;&nbsp; M\u00e1s adelante, el rector Anaya Alvarado destac\u00f3 los logros alcanzados por los jugadores de la UAT en las distintas ramas deportivas, adem\u00e1s del impuls\u00f3 que ha tenido la actividad cultural y art\u00edstica entre los j\u00f3venes universitarios, cuyos talentos son un orgullo para la sociedad tamaulipeca.<\/p>\n\n\n\n<p>&nbsp;&nbsp;&nbsp;&nbsp;&nbsp;&nbsp;&nbsp;&nbsp; Por su parte, el gobernador Villarreal Anaya dijo que la UAT es estrat\u00e9gica para el desarrollo de la entidad, ya que a trav\u00e9s del Plan de Desarrollo Institucional ha permitido fortalecer la misi\u00f3n universitaria en rubros como cobertura, calidad educativa, investigaci\u00f3n, vinculaci\u00f3n social.<\/p>\n\n\n\n<p>&nbsp;&nbsp;&nbsp;&nbsp;&nbsp;&nbsp;&nbsp;&nbsp; El mandatario estatal reiter\u00f3 su apoyo para que la UAT siga consolidando sus proyectos acad\u00e9micos y de investigaci\u00f3n, puesto que la educaci\u00f3n superior debe de estar a la altura de los retos actuales para obtener el \u00e9xito de tener una juventud m\u00e1s preparada.<\/p>\n\n\n\n<p>&nbsp;&nbsp;&nbsp;&nbsp;&nbsp;&nbsp;&nbsp;&nbsp; Por otra parte, vaya esc\u00e1ndalo que ha generado la solicitud de Estados Unidos para detener y extraditar al gobernador Rub\u00e9n Rocha Moya de Sinaloa por tener v\u00ednculos con el crimen organizado, cuya petici\u00f3n formal a nadie debe extra\u00f1ar ni mucho menos sorprender porque desde su campa\u00f1a se sab\u00eda que hab\u00eda una estrecha relaci\u00f3n con Joaqu\u00edn Guzm\u00e1n Loera, mejor conocido como El Chapo Guzm\u00e1n.<\/p>\n\n\n\n<p>&nbsp;&nbsp;&nbsp;&nbsp;&nbsp;&nbsp;&nbsp;&nbsp; Adem\u00e1s, en los \u00faltimos d\u00edas se corri\u00f3 la versi\u00f3n de que autoridades de Estados Unidos proceder\u00edan en contra de pol\u00edticos encumbrados de nuestro pa\u00eds que est\u00e1n involucrados con narcotraficantes, como supuestamente es el caso del gobernador Rocha Moya.<\/p>\n\n\n\n<p>&nbsp;&nbsp;&nbsp;&nbsp;&nbsp;&nbsp;&nbsp;&nbsp; Vamos a ver s\u00ed el gobierno federal accede a la petici\u00f3n de Estados Unidos, puesto que desde ayer mismo el vocero de la Fiscal\u00eda General de la Rep\u00fablica (FGR) Ulises Lara L\u00f3pez, dijo que se hab\u00eda roto el procedimiento legal porque se dio a conocer p\u00fablicamente la solicitud de captura y extradici\u00f3n del mandatario sinaloense.<\/p>\n\n\n\n<p>&nbsp;&nbsp;&nbsp;&nbsp;&nbsp;&nbsp;&nbsp;&nbsp; Y hablando del gobernador Rocha Moya, todo parece indicar que buscar\u00e1 involucrar a m\u00e1s funcionarios, puesto que declar\u00f3 que la solicitud no era nada m\u00e1s en contra de \u00e9l, sino m\u00e1s bien en contra de la 4\u00b0 Transformaci\u00f3n.<\/p>\n\n\n\n<p>&nbsp;&nbsp;&nbsp;&nbsp;&nbsp;&nbsp;&nbsp;&nbsp; Nadie hizo caso de las se\u00f1ales que se dieron, como sucedi\u00f3 el pasado jueves, cuando el embajador de Estados Unidos en M\u00e9xico, Ronald Johnsons, lanz\u00f3 la primera alerta cuando dijo que la relaci\u00f3n bilateral entre M\u00e9xico y Estados Unidos no se pod\u00eda tolerar la corrupci\u00f3n porque este flagelo ahuyenta las inversiones, pero nadie lo tom\u00f3 en cuenta.<\/p>\n\n\n\n<p>&nbsp;&nbsp;&nbsp;&nbsp;&nbsp;&nbsp;&nbsp;&nbsp; Asimismo, el pasado domingo sali\u00f3 una nota informativa en los \u00c1ngeles Times que anunciaba que Estados Unidos le hab\u00eda retirado la visa, pero tambi\u00e9n nadie lo tom\u00f3 en cuenta porque cre\u00edan que el gobierno de Donald Trump va en contra de pol\u00edticos mexicanos con claros lazos con organizaciones de narcotraficantes.<\/p>\n\n\n\n<p>Correo electr\u00f3nico: jagovea_53@yahoo.com<\/p>\n","protected":false},"excerpt":{"rendered":"<p>Por: Alejandro Govea Torres &nbsp;&nbsp;&nbsp;&nbsp;&nbsp;&nbsp;&nbsp;&nbsp; El rector D\u00e1maso Anaya Alvarado present\u00f3 ayer su Segundo Informe&#8230;<\/p>\n","protected":false},"author":1,"featured_media":0,"comment_status":"closed","ping_status":"closed","sticky":false,"template":"","format":"standard","meta":{"footnotes":""},"categories":[5],"tags":[],"class_list":["post-382577","post","type-post","status-publish","format-standard","hentry","category-opinion"],"gutentor_comment":0,"_links":{"self":[{"href":"https:\/\/www.elplaneta.mx\/index.php?rest_route=\/wp\/v2\/posts\/382577","targetHints":{"allow":["GET"]}}],"collection":[{"href":"https:\/\/www.elplaneta.mx\/index.php?rest_route=\/wp\/v2\/posts"}],"about":[{"href":"https:\/\/www.elplaneta.mx\/index.php?rest_route=\/wp\/v2\/types\/post"}],"author":[{"embeddable":true,"href":"https:\/\/www.elplaneta.mx\/index.php?rest_route=\/wp\/v2\/users\/1"}],"replies":[{"embeddable":true,"href":"https:\/\/www.elplaneta.mx\/index.php?rest_route=%2Fwp%2Fv2%2Fcomments&post=382577"}],"version-history":[{"count":2,"href":"https:\/\/www.elplaneta.mx\/index.php?rest_route=\/wp\/v2\/posts\/382577\/revisions"}],"predecessor-version":[{"id":382579,"href":"https:\/\/www.elplaneta.mx\/index.php?rest_route=\/wp\/v2\/posts\/382577\/revisions\/382579"}],"wp:attachment":[{"href":"https:\/\/www.elplaneta.mx\/index.php?rest_route=%2Fwp%2Fv2%2Fmedia&parent=382577"}],"wp:term":[{"taxonomy":"category","embeddable":true,"href":"https:\/\/www.elplaneta.mx\/index.php?rest_route=%2Fwp%2Fv2%2Fcategories&post=382577"},{"taxonomy":"post_tag","embeddable":true,"href":"https:\/\/www.elplaneta.mx\/index.php?rest_route=%2Fwp%2Fv2%2Ftags&post=382577"}],"curies":[{"name":"wp","href":"https:\/\/api.w.org\/{rel}","templated":true}]}}