{"id":382610,"date":"2026-05-01T06:41:23","date_gmt":"2026-05-01T12:41:23","guid":{"rendered":"https:\/\/www.elplaneta.mx\/?p=382610"},"modified":"2026-05-02T06:46:04","modified_gmt":"2026-05-02T12:46:04","slug":"fortalece-gobierno-del-estado-infraestructura-electrica-en-escuelas-de-tamaulipas","status":"publish","type":"post","link":"https:\/\/www.elplaneta.mx\/?p=382610","title":{"rendered":"Fortalece Gobierno del Estado infraestructura el\u00e9ctrica en escuelas de Tamaulipas"},"content":{"rendered":"<div class=\"wp-block-image\">\n<figure class=\"alignleft size-full is-resized\"><img loading=\"lazy\" decoding=\"async\" width=\"564\" height=\"462\" src=\"https:\/\/www.elplaneta.mx\/wp-content\/themes\/elplaneta\/FOTOS\/ITIFE-Sergio-Castillo-Sagastegui.jpg\" alt=\"\" class=\"wp-image-382611\" style=\"width:470px;height:auto\" srcset=\"https:\/\/www.elplaneta.mx\/wp-content\/themes\/elplaneta\/FOTOS\/ITIFE-Sergio-Castillo-Sagastegui.jpg 564w, https:\/\/www.elplaneta.mx\/wp-content\/themes\/elplaneta\/FOTOS\/ITIFE-Sergio-Castillo-Sagastegui-300x246.jpg 300w\" sizes=\"auto, (max-width: 564px) 100vw, 564px\" \/><figcaption class=\"wp-element-caption\">Sergio Castillo Sag\u00e1stegui<\/figcaption><\/figure><\/div>\n\n\n<p>Ciudad Victoria, Tamaulipas, M\u00e9xico, Am\u00e9rica.- El Gobierno del Estado, a trav\u00e9s del Instituto Tamaulipeco de Infraestructura F\u00edsica Educativa (ITIFE), fortalece las acciones orientadas a mejorar las condiciones de los planteles escolares en coordinaci\u00f3n con la Secretar\u00eda de Educaci\u00f3n de Tamaulipas.<\/p>\n\n\n\n<p>El director general del ITIFE, Sergio Castillo Sag\u00e1stegui, inform\u00f3 que dentro del segundo paquete de planeaci\u00f3n 2026 se contempla la sustituci\u00f3n de subestaciones el\u00e9ctricas en diversos planteles del estado, debido a fallas o insuficiencia de capacidad derivadas del incremento en el uso de equipos el\u00e9ctricos, particularmente sistemas de aire acondicionado.<\/p>\n\n\n\n<p>Precis\u00f3 que en Ciudad Victoria se tienen identificadas entre 12 y 15 subestaciones que ser\u00e1n reemplazadas como parte de estas acciones de fortalecimiento a la infraestructura educativa.<\/p>\n\n\n\n<p>Asimismo, destac\u00f3 que entre 2025 y 2026 , se proyecta la sustituci\u00f3n de entre 130 y 150 subestaciones el\u00e9ctricas en distintas regiones de Tamaulipas, mediante una inversi\u00f3n aproximada de 200 millones de pesos provenientes del Fondo de Aportaciones M\u00faltiples (FAM).<\/p>\n\n\n\n<p>El funcionario estatal se\u00f1al\u00f3 que estas obras permitir\u00e1n garantizar mejores condiciones de operaci\u00f3n y funcionamiento en los centros educativos, contribuyendo a generar espacios m\u00e1s seguros y adecuados para la comunidad escolar.<\/p>\n\n\n\n<p>El funcionario se\u00f1al\u00f3 que el Gobierno del Estado reafirma su compromiso con el fortalecimiento de la infraestructura educativa y el mejoramiento de los servicios b\u00e1sicos en beneficio de las y los estudiantes tamaulipecos.<\/p>\n","protected":false},"excerpt":{"rendered":"<p>Ciudad Victoria, Tamaulipas, M\u00e9xico, Am\u00e9rica.- El Gobierno del Estado, a trav\u00e9s del Instituto Tamaulipeco de&#8230;<\/p>\n","protected":false},"author":1,"featured_media":382611,"comment_status":"open","ping_status":"open","sticky":false,"template":"","format":"standard","meta":{"footnotes":""},"categories":[584],"tags":[],"class_list":["post-382610","post","type-post","status-publish","format-standard","has-post-thumbnail","hentry","category-informacion-oficial"],"gutentor_comment":0,"_links":{"self":[{"href":"https:\/\/www.elplaneta.mx\/index.php?rest_route=\/wp\/v2\/posts\/382610","targetHints":{"allow":["GET"]}}],"collection":[{"href":"https:\/\/www.elplaneta.mx\/index.php?rest_route=\/wp\/v2\/posts"}],"about":[{"href":"https:\/\/www.elplaneta.mx\/index.php?rest_route=\/wp\/v2\/types\/post"}],"author":[{"embeddable":true,"href":"https:\/\/www.elplaneta.mx\/index.php?rest_route=\/wp\/v2\/users\/1"}],"replies":[{"embeddable":true,"href":"https:\/\/www.elplaneta.mx\/index.php?rest_route=%2Fwp%2Fv2%2Fcomments&post=382610"}],"version-history":[{"count":1,"href":"https:\/\/www.elplaneta.mx\/index.php?rest_route=\/wp\/v2\/posts\/382610\/revisions"}],"predecessor-version":[{"id":382612,"href":"https:\/\/www.elplaneta.mx\/index.php?rest_route=\/wp\/v2\/posts\/382610\/revisions\/382612"}],"wp:featuredmedia":[{"embeddable":true,"href":"https:\/\/www.elplaneta.mx\/index.php?rest_route=\/wp\/v2\/media\/382611"}],"wp:attachment":[{"href":"https:\/\/www.elplaneta.mx\/index.php?rest_route=%2Fwp%2Fv2%2Fmedia&parent=382610"}],"wp:term":[{"taxonomy":"category","embeddable":true,"href":"https:\/\/www.elplaneta.mx\/index.php?rest_route=%2Fwp%2Fv2%2Fcategories&post=382610"},{"taxonomy":"post_tag","embeddable":true,"href":"https:\/\/www.elplaneta.mx\/index.php?rest_route=%2Fwp%2Fv2%2Ftags&post=382610"}],"curies":[{"name":"wp","href":"https:\/\/api.w.org\/{rel}","templated":true}]}}