{"id":388389,"date":"2026-08-31T07:01:00","date_gmt":"2026-08-31T13:01:00","guid":{"rendered":"https:\/\/www.elplaneta.mx\/?p=388389"},"modified":"2026-08-31T07:01:02","modified_gmt":"2026-08-31T13:01:02","slug":"para-eso-quiere-ser-presidente","status":"publish","type":"post","link":"https:\/\/www.elplaneta.mx\/?p=388389","title":{"rendered":"\u00bfPara eso quiere ser presidente?"},"content":{"rendered":"\n<p>Por Antonio Raymundo Frausto Gil<\/p>\n\n\n\n<p>Ante la coyuntura pol\u00edtica que vive el pa\u00eds por el caso Rocha Moya, Francisco Cabeza de Vaca apareci\u00f3 en entrevista con la periodista Carmen Aristegui para anunciar que desea ser presidente de M\u00e9xico en el 2030 y arremeter contra la presidenta Claudia Sheinbaum.<\/p>\n\n\n\n<p>&nbsp;Y es que, fiel a su estilo de oportunista, el ex gobernador tamaulipeco piensa que se\u00f1alando los esc\u00e1ndalos de la 4T y asumi\u00e9ndose como una v\u00edctima, como un perseguido pol\u00edtico, se posicionar\u00e1 como un defensor de la justicia y le alcanzar\u00e1 para liderar a la oposici\u00f3n en la pr\u00f3xima contienda presidencial.<\/p>\n\n\n\n<p>&nbsp;Desde la comodidad de suelo texano para evitar ser detenido por la justicia mexicana y en tono retador, asegura que son muchos m\u00e1s la gente de bien que quiere un mejor futuro para sus hijos y para las pr\u00f3ximas generaciones, por ende para M\u00e9xico.<\/p>\n\n\n\n<p>&nbsp;\u00c9l se asume c\u00f3mo de ese grupo de personas. Sin embargo, me pregunt\u00f3, \u00bfes de gente de bien, enga\u00f1ar, robar y traicionar c\u00f3mo \u00e9l lo hizo con los tamaulipecos durante su sexenio?<\/p>\n\n\n\n<p>&nbsp;Rob\u00f3. Pues no hay que olvidar que durante su mandato saque\u00f3 las arcas del&nbsp; gobierno estatal, de acuerdo con las diversas denuncias presentadas por parte de la administraci\u00f3n actual, en un principio por 2 mil 400 millones de pesos, pero posteriormente hasta alcanzar los 8 mil 700 millones de pesos.<\/p>\n\n\n\n<p>&nbsp;Varias de los miembros de su gabinete enfrenta procesos penales por desv\u00edos millonarios e incluso, dos de ellos, Romulo Garza, ex secretario de Bienestar y Mario G\u00f3mez Monroy, ex secretario de Educaci\u00f3n, se encuentran detenidos y sentenciados por delitos c\u00f3mo peculado, desv\u00edo de recursos y uso il\u00edcito de atribuciones y facultades.<\/p>\n\n\n\n<p>&nbsp;Enga\u00f1\u00f3. Porque miles de tamaulipecos que votaron por \u00e9l, que lo llevaron al poder en el 2016, pensando que finalmente habr\u00eda un cambio de r\u00e9gimen, se dieron cuenta que representaba los mismos intereses y corruptelas del priismo, e incluso con peores pr\u00e1cticas.<\/p>\n\n\n\n<p>&nbsp;C\u00f3mo por ejemplo, el correr a cientos de bur\u00f3cratas estatales argumentando ser simpatizantes de los antiguos gobiernos priistas, cuando incluso muchos de ellos votaron por \u00e9l.<\/p>\n\n\n\n<p>&nbsp;Tambi\u00e9n lo hizo con las pocas empresas de la construcci\u00f3n que recibieron contratos durante su gesti\u00f3n, pues en lugar de eliminar el famoso diezmo, lo aument\u00f3 en algunos casos hasta el 30 por ciento, da\u00f1ando gravemente a los empresarios tamaulipecos, que ten\u00edan que aceptar o no recibir nada por parte del gobierno.<\/p>\n\n\n\n<p>&nbsp;Traicion\u00f3. Porque en lugar de generar oportunidades y desarrollo para la gente, decidi\u00f3 dejar s\u00f3lo a los tamaulipecos, provocando intencionalmente el quebranto de empresas locales, dejando sin trabajo a hombres y mujeres de bien, que se quedaron sin sustento para sus familias.<\/p>\n\n\n\n<p>&nbsp;El mejor ejemplo de ello, Victoria, marginando a proveedores locales en giros c\u00f3mo la construcci\u00f3n, los alimentos, la papeler\u00eda o la informaci\u00f3n, entre muchas otros, para entregar contratos millonarios a empresas for\u00e1neas a costa de descapitalizar a los negocios locales con el af\u00e1n de quebrarlos.<\/p>\n\n\n\n<p>&nbsp;Tambi\u00e9n traicion\u00f3, al utilizar el aparato gubernamental, el poder, para secuestrar el poder legislativo y judicial en v\u00edas de venganzas personales, desde negar simples permisos en las oficinas fiscales, revocar fiat a notar\u00edas, hasta manipular las fiscal\u00edas para meter en la c\u00e1rcel al ex gobernador y adversario pol\u00edtico Eugenio Hern\u00e1ndez.<\/p>\n\n\n\n<p>&nbsp;M\u00e1s all\u00e1 de que en este momento ni siquiera pueda regresar al pa\u00eds por el temor de enfrentar la justicia, por las acusaciones de delincuencia organizada, operaciones con recursos de procedencia il\u00edcita y defraudaci\u00f3n fiscal equiparada que le hace la Fiscal\u00eda General de la Rep\u00fablica.<\/p>\n\n\n\n<p>&nbsp;La gente de bien que conforma la oposici\u00f3n en M\u00e9xico, debe de cuestionarse seriamente \u00bfrealmente Francisco Garc\u00eda Cabeza de Vaca representa a los ciudadanos y el liderazgo que necesitan para volver al poder?<\/p>\n\n\n\n<p>&nbsp;Por eso, cuando refiere que desea encabezar un movimiento de cambio para sacar a Morena del gobierno, me cuestion\u00f3 \u00bfquiere tener el poder para privilegiar intereses personales y no los de los ciudadanos? \u00bfpara utilizar el aparato del estado contra sus enemigos pol\u00edticos? \u00bfpara robar, enga\u00f1ar y traicionar c\u00f3mo lo hizo en Tamaulipas?, \u00bfPara eso quiere ser presidente de M\u00e9xico?<\/p>\n\n\n\n<p>LLEVA D\u00c1MASO ANAYA LA VOZ DE LAS UNIVERSIDADES<\/p>\n\n\n\n<p>En un claro ejemplo del liderazgo de la Universidad Aut\u00f3noma de Tamaulipas en el \u00e1mbito nacional, su rector D\u00e1maso Anaya Alvarado represent\u00f3 a las universidades p\u00fablicas del noreste al entregar los Estados Financieros Auditados e Informes de Avances Acad\u00e9micos 2025 de las 35 universidades p\u00fablicas estatales del pa\u00eds ante la Comisi\u00f3n de Vigilancia de la Auditor\u00eda Superior de la Federaci\u00f3n (ASF) y la Comisi\u00f3n de Educaci\u00f3n de la C\u00e1mara de Diputados.<\/p>\n\n\n\n<p>Y es que, en su mensaje en la m\u00e1xima tribuna del pa\u00eds, el rector llam\u00f3 a los legisladores a construir juntos una agenda com\u00fan con proyectos de alto impacto social entre las universidades p\u00fablicas, asegurando que cuando se tiene una visi\u00f3n compartida, es posible sumar voluntades y dar resultados que impactan en la transformaci\u00f3n social del pa\u00eds.<\/p>\n\n\n\n<p>Puntualiz\u00f3 que para esto se requiere colaborar de manera puntual en dos temas, el mejorar los mecanismos tributarios que afectan de manera directa en la viabilidad y estabilidad econ\u00f3mica de las universidades; y en potenciar los esquemas para que el conocimiento generado en las escuelas se aplique en beneficios para las y los mexicanos m\u00e1s vulnerables.<\/p>\n\n\n\n<p>La sesi\u00f3n cont\u00f3 con la apertura del diputado Ricardo Monreal \u00c1vila, presidente de la Junta de Coordinaci\u00f3n Pol\u00edtica del Congreso y el mensaje del diputado Javier Herrera Borunda, presidente de la Comisi\u00f3n de Vigilancia de la ASF, que reconoci\u00f3 el compromiso de austeridad de las universidades sin que esto afecte lo m\u00e1s importante, la calidad acad\u00e9mica de los programas educativos.<\/p>\n\n\n\n<p>Bajo la visi\u00f3n de su rector D\u00e1maso Anaya Alvarado, la Universidad Aut\u00f3noma de Tamaulipas contin\u00faa demostrando que es una instituci\u00f3n s\u00f3lida y de reconocimiento nacional, que contribuye desde la academia de manera importante a la transformaci\u00f3n social que se est\u00e1 viviendo en M\u00e9xico.<\/p>\n\n\n\n<p>Facebook: AntonioFrausto<\/p>\n\n\n\n<p>Twitter:@AntonioFraustoG<\/p>\n\n\n\n<p>Linkedin: AntonioFrausto<\/p>\n\n\n\n<p>antoniofraustog@gmail.com<\/p>\n","protected":false},"excerpt":{"rendered":"<p>Por Antonio Raymundo Frausto Gil Ante la coyuntura pol\u00edtica que vive el pa\u00eds por el&#8230;<\/p>\n","protected":false},"author":1,"featured_media":0,"comment_status":"closed","ping_status":"closed","sticky":false,"template":"","format":"standard","meta":{"footnotes":""},"categories":[5],"tags":[],"class_list":["post-388389","post","type-post","status-publish","format-standard","hentry","category-opinion"],"gutentor_comment":0,"_links":{"self":[{"href":"https:\/\/www.elplaneta.mx\/index.php?rest_route=\/wp\/v2\/posts\/388389","targetHints":{"allow":["GET"]}}],"collection":[{"href":"https:\/\/www.elplaneta.mx\/index.php?rest_route=\/wp\/v2\/posts"}],"about":[{"href":"https:\/\/www.elplaneta.mx\/index.php?rest_route=\/wp\/v2\/types\/post"}],"author":[{"embeddable":true,"href":"https:\/\/www.elplaneta.mx\/index.php?rest_route=\/wp\/v2\/users\/1"}],"replies":[{"embeddable":true,"href":"https:\/\/www.elplaneta.mx\/index.php?rest_route=%2Fwp%2Fv2%2Fcomments&post=388389"}],"version-history":[{"count":2,"href":"https:\/\/www.elplaneta.mx\/index.php?rest_route=\/wp\/v2\/posts\/388389\/revisions"}],"predecessor-version":[{"id":388391,"href":"https:\/\/www.elplaneta.mx\/index.php?rest_route=\/wp\/v2\/posts\/388389\/revisions\/388391"}],"wp:attachment":[{"href":"https:\/\/www.elplaneta.mx\/index.php?rest_route=%2Fwp%2Fv2%2Fmedia&parent=388389"}],"wp:term":[{"taxonomy":"category","embeddable":true,"href":"https:\/\/www.elplaneta.mx\/index.php?rest_route=%2Fwp%2Fv2%2Fcategories&post=388389"},{"taxonomy":"post_tag","embeddable":true,"href":"https:\/\/www.elplaneta.mx\/index.php?rest_route=%2Fwp%2Fv2%2Ftags&post=388389"}],"curies":[{"name":"wp","href":"https:\/\/api.w.org\/{rel}","templated":true}]}}