{"id":388392,"date":"2026-08-29T07:02:13","date_gmt":"2026-08-29T13:02:13","guid":{"rendered":"https:\/\/www.elplaneta.mx\/?p=388392"},"modified":"2026-08-31T07:06:33","modified_gmt":"2026-08-31T13:06:33","slug":"americo-incrementa-salario-a-las-y-los-trabajadores-eventuales-de-salud","status":"publish","type":"post","link":"https:\/\/www.elplaneta.mx\/?p=388392","title":{"rendered":"Am\u00e9rico incrementa salario a las y los trabajadores eventuales de Salud"},"content":{"rendered":"<div class=\"wp-block-image\">\n<figure class=\"alignleft size-full\"><img loading=\"lazy\" decoding=\"async\" width=\"392\" height=\"317\" src=\"https:\/\/www.elplaneta.mx\/wp-content\/themes\/elplaneta\/FOTOS\/29T36946784764.jpg\" alt=\"\" class=\"wp-image-388393\" srcset=\"https:\/\/www.elplaneta.mx\/wp-content\/themes\/elplaneta\/FOTOS\/29T36946784764.jpg 392w, https:\/\/www.elplaneta.mx\/wp-content\/themes\/elplaneta\/FOTOS\/29T36946784764-300x243.jpg 300w\" sizes=\"auto, (max-width: 392px) 100vw, 392px\" \/><\/figure><\/div>\n\n\n<p>Ciudad Victoria, Tamaulipas, M\u00e9xico, Am\u00e9rica.- El gobernador Am\u00e9rico Villarreal Anaya reiter\u00f3 su compromiso con las y los trabajadores del Sector Salud en Tamaulipas y anunci\u00f3 un incremento salarial diferenciado en beneficio de m\u00e1s de 2 mil 400 integrantes de personal eventual, lo que representa una inversi\u00f3n anual superior a los 32 millones de pesos.<\/p>\n\n\n\n<p>El primer pago, dijo, se realizar\u00e1 durante la primera quincena del mes de septiembre y ser\u00e1 retroactivo al mes de enero de 2026, a fin de mejorar las condiciones laborales de las mujeres y los hombres que sostienen el sistema de salud en el estado.<\/p>\n\n\n\n<p>\u00abGracias por su vocaci\u00f3n, por su entrega y por servir con humanismo al pueblo de Tamaulipas. Mi compromiso con ustedes es claro y lo estamos cumpliendo con hechos: Cuidar a quienes cuidan de Tamaulipas\u00bb, expres\u00f3.<\/p>\n\n\n\n<p>El mandatario tamaulipeco indic\u00f3 que a lo largo de su administraci\u00f3n se han puesto en marcha acciones concretas para dignificar el trabajo del personal de salud, reconocer su trayectoria, fortalecer a quienes se encuentran en territorio y brindar bienestar e identidad a quienes forman parte de la Secretar\u00eda de Salud.<\/p>\n\n\n\n<p>Expuso que estas acciones representan una inversi\u00f3n superior a los 40 millones de pesos, destinada directamente al bienestar de las trabajadoras y trabajadores.<\/p>\n\n\n\n<p>\u00abConozco de cerca la responsabilidad que implica cuidar la salud y la vida de una persona. S\u00e9 de las jornadas largas, del cansancio, de las decisiones dif\u00edciles y, sobre todo, de la enorme vocaci\u00f3n que se necesita para servir a los dem\u00e1s\u00bb, mencion\u00f3.<\/p>\n\n\n\n<p>Agreg\u00f3 que se han destinado m\u00e1s de 615 mil pesos para reconocer a 88 trabajadoras y trabajadores jubilados, quienes entregaron una parte importante de su vida al cuidado de la salud de las y los tamaulipecos.<\/p>\n\n\n\n<p>Asimismo, para fortalecer al personal operativo, se invirtieron m\u00e1s de 2.9 millones de pesos en la primera dotaci\u00f3n de uniformes para m\u00e1s de 600 trabajadoras y trabajadores de los 12 Distritos de Salud.<\/p>\n\n\n\n<p>Adem\u00e1s, con una inversi\u00f3n superior a los 5 millones de pesos, m\u00e1s de 5 mil integrantes de la Secretar\u00eda de Salud han recibido uniformes institucionales que fortalecen su identidad, su sentido de pertenencia y el reconocimiento a la labor que realizan todos los d\u00edas.<\/p>\n","protected":false},"excerpt":{"rendered":"<p>Ciudad Victoria, Tamaulipas, M\u00e9xico, Am\u00e9rica.- El gobernador Am\u00e9rico Villarreal Anaya reiter\u00f3 su compromiso con las&#8230;<\/p>\n","protected":false},"author":1,"featured_media":388393,"comment_status":"open","ping_status":"open","sticky":false,"template":"","format":"standard","meta":{"footnotes":""},"categories":[584,20],"tags":[],"class_list":["post-388392","post","type-post","status-publish","format-standard","has-post-thumbnail","hentry","category-informacion-oficial","category-tamaulipas"],"gutentor_comment":0,"_links":{"self":[{"href":"https:\/\/www.elplaneta.mx\/index.php?rest_route=\/wp\/v2\/posts\/388392","targetHints":{"allow":["GET"]}}],"collection":[{"href":"https:\/\/www.elplaneta.mx\/index.php?rest_route=\/wp\/v2\/posts"}],"about":[{"href":"https:\/\/www.elplaneta.mx\/index.php?rest_route=\/wp\/v2\/types\/post"}],"author":[{"embeddable":true,"href":"https:\/\/www.elplaneta.mx\/index.php?rest_route=\/wp\/v2\/users\/1"}],"replies":[{"embeddable":true,"href":"https:\/\/www.elplaneta.mx\/index.php?rest_route=%2Fwp%2Fv2%2Fcomments&post=388392"}],"version-history":[{"count":1,"href":"https:\/\/www.elplaneta.mx\/index.php?rest_route=\/wp\/v2\/posts\/388392\/revisions"}],"predecessor-version":[{"id":388394,"href":"https:\/\/www.elplaneta.mx\/index.php?rest_route=\/wp\/v2\/posts\/388392\/revisions\/388394"}],"wp:featuredmedia":[{"embeddable":true,"href":"https:\/\/www.elplaneta.mx\/index.php?rest_route=\/wp\/v2\/media\/388393"}],"wp:attachment":[{"href":"https:\/\/www.elplaneta.mx\/index.php?rest_route=%2Fwp%2Fv2%2Fmedia&parent=388392"}],"wp:term":[{"taxonomy":"category","embeddable":true,"href":"https:\/\/www.elplaneta.mx\/index.php?rest_route=%2Fwp%2Fv2%2Fcategories&post=388392"},{"taxonomy":"post_tag","embeddable":true,"href":"https:\/\/www.elplaneta.mx\/index.php?rest_route=%2Fwp%2Fv2%2Ftags&post=388392"}],"curies":[{"name":"wp","href":"https:\/\/api.w.org\/{rel}","templated":true}]}}