{"id":388398,"date":"2026-08-31T07:23:07","date_gmt":"2026-08-31T13:23:07","guid":{"rendered":"https:\/\/www.elplaneta.mx\/?p=388398"},"modified":"2026-08-31T07:23:09","modified_gmt":"2026-08-31T13:23:09","slug":"cabeza-de-vaca-es-inelegible","status":"publish","type":"post","link":"https:\/\/www.elplaneta.mx\/?p=388398","title":{"rendered":"\u00a0Cabeza de Vaca es inelegible"},"content":{"rendered":"\n<p>Por Alberto Guerra Salazar<\/p>\n\n\n\n<p>CIUDAD VICTORIA, (ASI).\u2014 Pong\u00e1monos de acuerdo: Francisco Carc\u00eda Cabeza de Vaca cumple los requisitos para ser candidato a un cargo de elecci\u00f3n popular. El problema es que no puede hacer campa\u00f1a de proselitismo porque es pr\u00f3fugo de la justicia.<\/p>\n\n\n\n<p>Entonces, el panista resulta ser inelegible debido a que su familia, c\u00f3mplices, amigos y otras personas que estar\u00edan obligadas a votar a su favor, no son suficientes para obtener el apoyo necesario en las urnas y ganarse el cargo que buscar\u00eda conseguir, sea una regidur\u00eda o la Presidencia de M\u00e9xico, si es que esto \u00faltimo no es una broma suya.&nbsp;<\/p>\n\n\n\n<p>Francisco es un infractor de la ley reincidente, de acuerdo con registros judiciales muy antiguos. Empez\u00f3 robando veh\u00edculos automotrices pero existen ordenes de aprehensi\u00f3n en su contra m\u00e1s recientes, por el saqueo de fondos p\u00fablicos.<\/p>\n\n\n\n<p>Es un tipo que nunca ha trabajado en su vida.<\/p>\n\n\n\n<p>Pero adem\u00e1s, el Instituto Electoral de Tamaulipas explic\u00f3 en voz de su presidente Juan Jos\u00e9 Ramos Charre que la posibilidad de competir depender\u00e1 de lo que establezcan la Constituci\u00f3n estatal y la Ley Electoral de Tamaulipas.<\/p>\n\n\n\n<p>\u201cSi la ley dice que est\u00e1n imposibilitadas para participar como candidatas o candidatos las personas con doble nacionalidad, luego entonces, esa persona no puede ser candidato a un cargo de elecci\u00f3n popular\u201d, precis\u00f3.<\/p>\n\n\n\n<p>Agreg\u00f3 Ramos Charre que el IETAM no tiene entre sus facultades modificar los requisitos de elegibilidad, sino aplicar las disposiciones que apruebe el poder legislativo.<\/p>\n\n\n\n<p>Hizo la puntual aclaraci\u00f3n de que la Constituci\u00f3n establece hoy en d\u00eda, que para ser candidato a Gobernador de Tamaulipas se requiera ser mexicano por nacimiento.<\/p>\n\n\n\n<p>El tema es relevante debido a que se puso de moda el tema de la pretensi\u00f3n del ex Gobernador de Tamaulipas, de tratar de conseguir la candidatura del PAN para contender por la jefatura del poder ejecutivo nacional.<\/p>\n\n\n\n<p>Sobre todo ahora que est\u00e1 en ciernes la preparaci\u00f3n de los lineamientos para el registro de candidaturas que ser\u00e1n presentados a los partidos pol\u00edticos, en los que se establecer\u00e1n los requisitos que deber\u00e1n acreditar quienes busquen participar en la contienda.<\/p>\n\n\n\n<p>Simult\u00e1neamente, existe una propuesta a nivel federal para restringir el acceso a determinados cargos de alta relevancia a personas que doble nacionalidad, lo que mantiene abierto el debate sobre las condiciones que deber\u00e1n cumplir futuros candidatos.&nbsp;<\/p>\n\n\n\n<p>Por mera coincidencia, otros actores pol\u00edticos como Humberto Prieto Herrera y hasta la propia Presidenta de la Rep\u00fablica, Claudia Sheinbaum, le dieron sendas revolcadas al panista ex vendedor de chamoyadas, ante el benepl\u00e1cito del respetable.<\/p>\n\n\n\n<p>Humberto, presidente del poder legislativo, rememor\u00f3 que fue \u00e9l precisamente, el que present\u00f3 en diciembre del a\u00f1o 2025 una denuncia formal ante la fiscal\u00eda general de la Rep\u00fablica, ex PGR, contra Cabeza de Vaca, por el delito de tr\u00e1fico ilegal de combustibles.<\/p>\n\n\n\n<p>Una buena noticia para los victorenses es que est\u00e1 en puerta la adquisici\u00f3n, mediante compra directa o donaci\u00f3n, de nuevas patrullas para reforzar las acciones de la delegaci\u00f3n de tr\u00e1nsito.<\/p>\n\n\n\n<p>Voceros del gobierno de Eduardo Gattas revelaron que est\u00e1n en negociaciones para decidirse por la compra con recursos propios o la donaci\u00f3n de veh\u00edculos por parte de ciudades hermanas de Texas.<\/p>\n\n\n\n<p>Lo importante es que pronto estrenar\u00e1n en la capital de Tamaulipas, veh\u00edculos oficiales para el patrullaje y ordenamiento del tr\u00e1nsito vehicular, que se ha intensificado en los \u00faltimos a\u00f1os.<\/p>\n\n\n\n<p>El gobierno del Estado tambi\u00e9n est\u00e1 contemplado en esta modernizaci\u00f3n del parque vehicular de servicio p\u00fablico, pues es tradicional su aportaci\u00f3n financiera para contribuir al alivio de esta problem\u00e1tica vial.<\/p>\n\n\n\n<p>Retomamos el tema de Cabeza de Vaca, para agregar este comentario textual publicado en redes sociales por la presidenta municipal de Nuevo Laredo, Carmen Lilia Cant\u00farosas Villarreal:<\/p>\n\n\n\n<p>\u201cFrancisco Garc\u00eda Cabeza de Vaca habla hoy de persecuci\u00f3n pol\u00edtica.<\/p>\n\n\n\n<p>Yo tengo memoria.<\/p>\n\n\n\n<p>Durante su gobierno fui diputada de oposici\u00f3n y conoc\u00ed de cerca las presiones del poder. Nos cancelaron nuestros fiats notariales a mi esposo y a m\u00ed y, despu\u00e9s de ganar la presidencia municipal, enfrent\u00e9 una causa penal y una orden de aprehensi\u00f3n sustentadas en pruebas y declaraciones que denunci\u00e9 como fabricadas. Esa causa termin\u00f3 sin vinculaci\u00f3n a proceso.<\/p>\n\n\n\n<p>No me qued\u00e9 en la denuncia p\u00fablica. Acud\u00ed ante las autoridades. De ah\u00ed deriva hoy la causa CP\/43\/2025, en la que quien fuera secretaria de Bienestar de su gobierno est\u00e1 actualmente vinculada a proceso por falsedad en declaraciones ante autoridad.<\/p>\n\n\n\n<p>Tampoco olvido el 5 de junio de 2022, d\u00eda en que Tamaulipas eligi\u00f3 como Gobernador al Dr. Am\u00e9rico Villarreal Anaya. Esa madrugada, elementos de la Fiscal\u00eda del Estado ingresaron a la Tesorer\u00eda Municipal de Nuevo Laredo para realizar un cateo. Abrimos las puertas, entregamos la informaci\u00f3n y dimos la cara.<\/p>\n\n\n\n<p>Por eso, cuando hoy escucho hablar de persecuci\u00f3n pol\u00edtica, recuerdo muy bien lo que vivimos en Tamaulipas durante ese sexenio.<\/p>\n\n\n\n<p>Mi respaldo a la Presidenta Claudia Sheinbaum Pardo y al Gobernador Am\u00e9rico<\/p>\n\n\n\n<p>Villarreal Anaya es claro.<\/p>\n\n\n\n<p>Las instituciones deben servir a la ley, no a la intimidaci\u00f3n pol\u00edtica. Y la pol\u00edtica tampoco debe utilizarse para sustituir a la justicia.<\/p>\n\n\n\n<p>Que hablen las pruebas, la ley y los tribunales\u201d.<\/p>\n\n\n\n<p>Correo electr\u00f3nico: albertoguerra65@hotmail.com<\/p>\n","protected":false},"excerpt":{"rendered":"<p>Por Alberto Guerra Salazar CIUDAD VICTORIA, (ASI).\u2014 Pong\u00e1monos de acuerdo: Francisco Carc\u00eda Cabeza de Vaca&#8230;<\/p>\n","protected":false},"author":1,"featured_media":0,"comment_status":"closed","ping_status":"closed","sticky":false,"template":"","format":"standard","meta":{"footnotes":""},"categories":[5],"tags":[],"class_list":["post-388398","post","type-post","status-publish","format-standard","hentry","category-opinion"],"gutentor_comment":0,"_links":{"self":[{"href":"https:\/\/www.elplaneta.mx\/index.php?rest_route=\/wp\/v2\/posts\/388398","targetHints":{"allow":["GET"]}}],"collection":[{"href":"https:\/\/www.elplaneta.mx\/index.php?rest_route=\/wp\/v2\/posts"}],"about":[{"href":"https:\/\/www.elplaneta.mx\/index.php?rest_route=\/wp\/v2\/types\/post"}],"author":[{"embeddable":true,"href":"https:\/\/www.elplaneta.mx\/index.php?rest_route=\/wp\/v2\/users\/1"}],"replies":[{"embeddable":true,"href":"https:\/\/www.elplaneta.mx\/index.php?rest_route=%2Fwp%2Fv2%2Fcomments&post=388398"}],"version-history":[{"count":2,"href":"https:\/\/www.elplaneta.mx\/index.php?rest_route=\/wp\/v2\/posts\/388398\/revisions"}],"predecessor-version":[{"id":388400,"href":"https:\/\/www.elplaneta.mx\/index.php?rest_route=\/wp\/v2\/posts\/388398\/revisions\/388400"}],"wp:attachment":[{"href":"https:\/\/www.elplaneta.mx\/index.php?rest_route=%2Fwp%2Fv2%2Fmedia&parent=388398"}],"wp:term":[{"taxonomy":"category","embeddable":true,"href":"https:\/\/www.elplaneta.mx\/index.php?rest_route=%2Fwp%2Fv2%2Fcategories&post=388398"},{"taxonomy":"post_tag","embeddable":true,"href":"https:\/\/www.elplaneta.mx\/index.php?rest_route=%2Fwp%2Fv2%2Ftags&post=388398"}],"curies":[{"name":"wp","href":"https:\/\/api.w.org\/{rel}","templated":true}]}}