{"id":388404,"date":"2026-08-31T07:31:59","date_gmt":"2026-08-31T13:31:59","guid":{"rendered":"https:\/\/www.elplaneta.mx\/?p=388404"},"modified":"2026-08-31T07:43:58","modified_gmt":"2026-08-31T13:43:58","slug":"mocha-tepjf-a-somos-mexico","status":"publish","type":"post","link":"https:\/\/www.elplaneta.mx\/?p=388404","title":{"rendered":"Mocha TEPJF a Somos M\u00e9xico"},"content":{"rendered":"\n<p>Por: Alejandro Govea Torres<\/p>\n\n\n\n<p>&nbsp;&nbsp;&nbsp;&nbsp;&nbsp;&nbsp;&nbsp;&nbsp; Con el pretexto de que utilizar la palabra M\u00e9xico en Somos M\u00e9xico podr\u00eda causar una confusi\u00f3n sem\u00e1ntica entre electorado, el Tribunal Electoral del Poder Judicial de la Federaci\u00f3n (TEPJF), que preside el magistrado Gilberto de Guzm\u00e1n B\u00e1tiz Garc\u00eda, orden\u00f3 que se modificara el nombre, el emblema y hasta el color, cuya sentencia fue acatada ayer bajo protesta por la dirigencia de este nuevo partido pol\u00edtico que encabeza Guadalupe Acosta Naranjo.<\/p>\n\n\n\n<p>&nbsp;&nbsp;&nbsp;&nbsp;&nbsp;&nbsp;&nbsp;&nbsp; La sentencia del TEPJF resulta sumamente cuestionable cuando hay otro partido pol\u00edtico que tambi\u00e9n usa la palabra M\u00e9xico, es decir el Partido Verde Ecologista de M\u00e9xico (PVEM), sin embargo, Acosta Naranjo acat\u00f3 esta disposici\u00f3n no sin antes se\u00f1alar que no le parecer\u00eda correcta ni justa porque siempre se utiliz\u00f3 el t\u00edtulo de Somos M\u00e9xico para obtener el registro como partido pol\u00edtico.<\/p>\n\n\n\n<p>&nbsp;&nbsp;&nbsp;&nbsp;&nbsp;&nbsp;&nbsp;&nbsp; Ahora s\u00f3lo se denominar\u00e1 Somos, en tanto que la composici\u00f3n del emblema ser\u00e1 en color rosa, encima de la silueta de la rep\u00fablica mexicana, con un fondo blanco para resaltar el nuevo nombre, pero en sentido figurado sigue siendo Somos M\u00e9xico.<\/p>\n\n\n\n<p>&nbsp;&nbsp;&nbsp;&nbsp;&nbsp;&nbsp;&nbsp;&nbsp; Se espera que en la sesi\u00f3n del Consejo General del Instituto Nacional Electoral (INE), que preside Guadalupe Taddei Zavala, del pr\u00f3ximo lunes 31 de agosto se apruebe esta modificaci\u00f3n para que arranque la promoci\u00f3n con el nuevo logotipo con miras a las elecciones del 2027.<\/p>\n\n\n\n<p>&nbsp;&nbsp;&nbsp;&nbsp;&nbsp;&nbsp;&nbsp;&nbsp; Se cree que el cambio forzado podr\u00eda afectar el futuro de Somos, pero todo depender\u00e1 de las candidatas y candidatos que se nominen para que logre el 3% de la votaci\u00f3n v\u00e1lida del 6 de junio del 2027 para conservar su registro como partido pol\u00edtico.<\/p>\n\n\n\n<p>&nbsp;&nbsp;&nbsp;&nbsp;&nbsp;&nbsp;&nbsp;&nbsp; En Tamaulipas, la responsabilidad de que Somos trascienda est\u00e1 en manos de otro experredista, puesto que el representante de este nuevo partido pol\u00edtico ante el Instituto Electoral de Tamaulipas (IETAM), Benjam\u00edn de Lira Zurricanday, quien hasta el momento no ha hecho nada.<\/p>\n\n\n\n<p>&nbsp;&nbsp;&nbsp;&nbsp;&nbsp;&nbsp;&nbsp;&nbsp; Por otra parte, tiene mucha raz\u00f3n el rector D\u00e1maso Anaya Alvarado en convocar a sus similares de las universidades p\u00fablicas del pa\u00eds, a construir una agenda com\u00fan e impulsar proyectos estrat\u00e9gicos para recibir el apoyo financiero de la C\u00e1mara de Diputados, ahora que se discuta el anteproyecto de presupuesto federal para el 2027.<\/p>\n\n\n\n<p>&nbsp;&nbsp;&nbsp;&nbsp;&nbsp;&nbsp;&nbsp;&nbsp; La intervenci\u00f3n del rector Anaya Alvarado se dio durante la entrega de los Estados Financieros Auditados e Informe de Avances Acad\u00e9micos del 2025 ante la Comisi\u00f3n de Vigilancia de la Auditoria Superior de la Federaci\u00f3n (ASF), que preside Javier Herrera Borunda y de la Comisi\u00f3n de Educaci\u00f3n de la C\u00e1mara de Diputados que encabeza la legisladora Rosario Orozco Caballero.<\/p>\n\n\n\n<p>&nbsp;&nbsp;&nbsp;&nbsp;&nbsp;&nbsp;&nbsp;&nbsp; En representaci\u00f3n de las rectores de las universidades p\u00fablicas del noreste del pa\u00eds, Anaya Alvarado propuso fortalecer la alianza con la C\u00e1mara de Diputados en dos frentes prioritarios: el primero ser\u00eda mejorar los mecanismos tributarios que incida directamente en la viabilidad y estabilidad econ\u00f3mica de las universidades, en tanto que el segundo ser\u00eda potencializar los esquemas para que el conocimiento general en las instituciones se traduzcan en beneficios directos para las comunidades m\u00e1s vulnerables.<\/p>\n\n\n\n<p>Por su parte, el titular de la Auditoria Superior de la Federaci\u00f3n (ASF), Aureliano Hern\u00e1ndez Palacios Cardel, anunci\u00f3 que se formalizar\u00e1n convenios con las universidades para incorporar la denuncia y la participaci\u00f3n ciudadana en los procesos de fiscalizaci\u00f3n a trav\u00e9s de auditores universitarios juveniles.<\/p>\n\n\n\n<p>&nbsp;&nbsp;&nbsp;&nbsp;&nbsp;&nbsp;&nbsp;&nbsp; El secretario general ejecutivo de la Asociaci\u00f3n Nacional de Universidades e Instituciones de Educaci\u00f3n Superior (ANUIES), Luis Armando Gonz\u00e1lez Plascencia destac\u00f3 la transparencia de las instituciones en el uso de los recursos p\u00fablicos porque buscan impulsar la transformaci\u00f3n social del pa\u00eds.<\/p>\n\n\n\n<p>En otro tema, la doctora Annie Pardo Cemo declin\u00f3 la propuesta de Carmen Lilia Cant\u00farosas Villarreal de designar con su nombre tanto el Museo de Ciencia y Tecnolog\u00eda como el Planetario de Nuevo Laredo.<\/p>\n\n\n\n<p>&nbsp;&nbsp;&nbsp;&nbsp;&nbsp;&nbsp;&nbsp;&nbsp; La decisi\u00f3n de la mam\u00e1 de la presidenta Claudia Sheinbaum Pardo describe su personalidad porque a pesar de ser una afamada investigadora en biolog\u00eda celular casi siempre se aleja de los reflectores, pero tambi\u00e9n sabe que s\u00ed aceptaba el ofrecimiento le generar\u00eda una serie de cr\u00edticas a su hija.<\/p>\n\n\n\n<p>&nbsp;&nbsp;&nbsp;&nbsp;&nbsp;&nbsp;&nbsp;&nbsp; La doctora Pardo Cemo le envi\u00f3 una carta a la alcaldesa Cant\u00farosas Villarreal para expresarle su agradecimiento por tomarla en cuenta, pero tambi\u00e9n reconoci\u00f3 la importancia de contar con un espacio para promover la cultura del conocimiento con el prop\u00f3sito de despertar inter\u00e9s por la ciencia y la tecnolog\u00eda<\/p>\n\n\n\n<p>&nbsp;&nbsp;&nbsp;&nbsp;&nbsp;&nbsp;&nbsp;&nbsp; Incluso, investigadora de la Facultad de Ciencias de la UNAM conf\u00eda en que tanto el Museo como el Planetario contribuyan para que los ni\u00f1os y j\u00f3venes se interesen por el conocimiento cient\u00edfico y estimulen su deseo de aprender.<\/p>\n\n\n\n<p>&nbsp;&nbsp;&nbsp;&nbsp;&nbsp;&nbsp;&nbsp;&nbsp; Y aunque en algunas cr\u00edticas se\u00f1alan que la declinaci\u00f3n de la doctora Pardo Cemo fue un duro rev\u00e9s pol\u00edtico para la alcaldesa Canturosas Villarreal, lo cierto es que entre ambas existe una estrecha relaci\u00f3n desde que participaron en el IV Congreso de Investigadoras del Sistema Nacional de Investigadoras (SNI), celebrado en noviembre del a\u00f1o pasado en Tampico.<\/p>\n\n\n\n<p>Correo electr\u00f3nico: jagovea_53@yahoo.com<\/p>\n","protected":false},"excerpt":{"rendered":"<p>Por: Alejandro Govea Torres &nbsp;&nbsp;&nbsp;&nbsp;&nbsp;&nbsp;&nbsp;&nbsp; Con el pretexto de que utilizar la palabra M\u00e9xico en&#8230;<\/p>\n","protected":false},"author":1,"featured_media":0,"comment_status":"closed","ping_status":"closed","sticky":false,"template":"","format":"standard","meta":{"footnotes":""},"categories":[5],"tags":[],"class_list":["post-388404","post","type-post","status-publish","format-standard","hentry","category-opinion"],"gutentor_comment":0,"_links":{"self":[{"href":"https:\/\/www.elplaneta.mx\/index.php?rest_route=\/wp\/v2\/posts\/388404","targetHints":{"allow":["GET"]}}],"collection":[{"href":"https:\/\/www.elplaneta.mx\/index.php?rest_route=\/wp\/v2\/posts"}],"about":[{"href":"https:\/\/www.elplaneta.mx\/index.php?rest_route=\/wp\/v2\/types\/post"}],"author":[{"embeddable":true,"href":"https:\/\/www.elplaneta.mx\/index.php?rest_route=\/wp\/v2\/users\/1"}],"replies":[{"embeddable":true,"href":"https:\/\/www.elplaneta.mx\/index.php?rest_route=%2Fwp%2Fv2%2Fcomments&post=388404"}],"version-history":[{"count":2,"href":"https:\/\/www.elplaneta.mx\/index.php?rest_route=\/wp\/v2\/posts\/388404\/revisions"}],"predecessor-version":[{"id":388406,"href":"https:\/\/www.elplaneta.mx\/index.php?rest_route=\/wp\/v2\/posts\/388404\/revisions\/388406"}],"wp:attachment":[{"href":"https:\/\/www.elplaneta.mx\/index.php?rest_route=%2Fwp%2Fv2%2Fmedia&parent=388404"}],"wp:term":[{"taxonomy":"category","embeddable":true,"href":"https:\/\/www.elplaneta.mx\/index.php?rest_route=%2Fwp%2Fv2%2Fcategories&post=388404"},{"taxonomy":"post_tag","embeddable":true,"href":"https:\/\/www.elplaneta.mx\/index.php?rest_route=%2Fwp%2Fv2%2Ftags&post=388404"}],"curies":[{"name":"wp","href":"https:\/\/api.w.org\/{rel}","templated":true}]}}