{"id":388410,"date":"2026-08-31T07:41:50","date_gmt":"2026-08-31T13:41:50","guid":{"rendered":"https:\/\/www.elplaneta.mx\/?p=388410"},"modified":"2026-08-31T07:41:53","modified_gmt":"2026-08-31T13:41:53","slug":"madres-buscadoras-en-tampico-marchan-tenemos-sillas-vacias-en-nuestras-casas","status":"publish","type":"post","link":"https:\/\/www.elplaneta.mx\/?p=388410","title":{"rendered":"Madres buscadoras en Tampico marchan, \u201ctenemos sillas vac\u00edas en nuestras casas\u201d"},"content":{"rendered":"<div class=\"wp-block-image\">\n<figure class=\"alignleft size-full\"><img loading=\"lazy\" decoding=\"async\" width=\"544\" height=\"405\" src=\"https:\/\/www.elplaneta.mx\/wp-content\/themes\/elplaneta\/FOTOS\/31T3479468757575.jpg\" alt=\"\" class=\"wp-image-388411\" srcset=\"https:\/\/www.elplaneta.mx\/wp-content\/themes\/elplaneta\/FOTOS\/31T3479468757575.jpg 544w, https:\/\/www.elplaneta.mx\/wp-content\/themes\/elplaneta\/FOTOS\/31T3479468757575-300x223.jpg 300w\" sizes=\"auto, (max-width: 544px) 100vw, 544px\" \/><\/figure><\/div>\n\n\n<p>Tampico, Tamaulipas, M\u00e9xico, Am\u00e9rica.- Madres buscadoras marcharon este domingo 30 de agosto, por la avenida Miguel Hidalgo de Tampico, para exigir a las autoridades que intensifiquen las acciones de b\u00fasqueda y localizaci\u00f3n de sus familiares desaparecidos, llevando fotograf\u00edas, lonas y prendas de vestir que mantienen viva la memor\u00eda de sus seres queridos.<\/p>\n\n\n\n<p>La movilizaci\u00f3n se realiz\u00f3 en el marco del D\u00eda Internacional de las V\u00edctimas de Desapariciones Forzadas, que se conmemora cada 30 de agosto, fecha que para las familias representa no solamente un d\u00eda para recordar a quienes permanecen ausentes, sino tambi\u00e9n una jornada para exigir justicia y evitar que sus nombres queden en el olvido.<\/p>\n\n\n\n<p>Las madres buscadoras avanzaron por la avenida Miguel Hidalgo, una de las principales vialidades de la ciudad hasta llegar a las instalaciones de la Fiscal\u00eda General de Justicia de Tamaulipas, donde colocaron fotograf\u00edas de sus familiares desaparecidos, adem\u00e1s de algunas prendas de vestir como parte de las acciones para mantener presentes sus historias.<\/p>\n\n\n\n<p>Durante la marcha, las participantes se\u00f1alaron que detr\u00e1s de cada fotograf\u00eda existe una familia que contin\u00faa esperando respuestas y que, pese al paso del tiempo, no ha dejado de buscar.<\/p>\n\n\n\n<p>\u201cEl 30 de agosto tampoco deber\u00eda existir\u201d, expresaron durante la movilizaci\u00f3n, al se\u00f1alar que esta fecha naci\u00f3 de la necesidad de visibilizar a las personas desaparecidas y de nombrarlas para evitar que, adem\u00e1s de haber sido alejadas de sus familias, tambi\u00e9n sean v\u00edctimas del olvido.<\/p>\n\n\n\n<p>Las manifestantes destacaron que si sus familiares estuvieran en casa, reunidos con sus seres queridos y sin sillas vac\u00edas en sus hogares, no existir\u00eda la necesidad de salir a las calles para marchar y exigir su localizaci\u00f3n.<\/p>\n\n\n\n<p>\u201cSi el 30 de agosto estuvi\u00e9ramos en casa con nuestra familia completa, sin sillas vac\u00edas, no habr\u00eda marcha\u201d, fue parte del mensaje expresado durante la movilizaci\u00f3n.<\/p>\n\n\n\n<p>Las madres buscadoras se\u00f1alaron que la falta de resultados las ha obligado a mantenerse organizadas y continuar con las exigencias para que se cumplan las funciones y obligaciones institucionales relacionadas con la b\u00fasqueda de personas desaparecidas.<\/p>\n\n\n\n<p>Despu\u00e9s de permanecer en las inmediaciones de la Fiscal\u00eda, el contingente continu\u00f3 su recorrido hasta llegar al Palacio Municipal de Tampico, donde colocaron las lonas con los rostros y nombres de sus familiares, como una forma de hacer visible la problem\u00e1tica y pedir a la sociedad que no deje de mirar a quienes contin\u00faan ausentes.<\/p>\n\n\n\n<p>Con pancartas y fotograf\u00edas, las familias insistieron en que sus seres queridos no son solamente cifras dentro de registros oficiales, sino personas con nombre, historia, familia y una comunidad que contin\u00faa esperando su regreso.<\/p>\n\n\n\n<p>Colocaron cartulinas y mantas en el Palacio Municipal de Tampico para visibilizar la crisis de los<\/p>\n\n\n\n<p>La marcha concluy\u00f3 con un llamado para que las autoridades mantengan vigentes las investigaciones y redoblen los esfuerzos de b\u00fasqueda, mientras las familias aseguraron que continuar\u00e1n saliendo a las calles y pronunciando los nombres de sus desaparecidos.<\/p>\n\n\n\n<p>Para las madres buscadoras, mientras exista una familia esperando, la b\u00fasqueda no puede detenerse y el recuerdo de cada persona desaparecida debe permanecer presente.<\/p>\n","protected":false},"excerpt":{"rendered":"<p>Tampico, Tamaulipas, M\u00e9xico, Am\u00e9rica.- Madres buscadoras marcharon este domingo 30 de agosto, por la avenida&#8230;<\/p>\n","protected":false},"author":1,"featured_media":388411,"comment_status":"open","ping_status":"open","sticky":false,"template":"","format":"standard","meta":{"footnotes":""},"categories":[20],"tags":[],"class_list":["post-388410","post","type-post","status-publish","format-standard","has-post-thumbnail","hentry","category-tamaulipas"],"gutentor_comment":0,"_links":{"self":[{"href":"https:\/\/www.elplaneta.mx\/index.php?rest_route=\/wp\/v2\/posts\/388410","targetHints":{"allow":["GET"]}}],"collection":[{"href":"https:\/\/www.elplaneta.mx\/index.php?rest_route=\/wp\/v2\/posts"}],"about":[{"href":"https:\/\/www.elplaneta.mx\/index.php?rest_route=\/wp\/v2\/types\/post"}],"author":[{"embeddable":true,"href":"https:\/\/www.elplaneta.mx\/index.php?rest_route=\/wp\/v2\/users\/1"}],"replies":[{"embeddable":true,"href":"https:\/\/www.elplaneta.mx\/index.php?rest_route=%2Fwp%2Fv2%2Fcomments&post=388410"}],"version-history":[{"count":1,"href":"https:\/\/www.elplaneta.mx\/index.php?rest_route=\/wp\/v2\/posts\/388410\/revisions"}],"predecessor-version":[{"id":388412,"href":"https:\/\/www.elplaneta.mx\/index.php?rest_route=\/wp\/v2\/posts\/388410\/revisions\/388412"}],"wp:featuredmedia":[{"embeddable":true,"href":"https:\/\/www.elplaneta.mx\/index.php?rest_route=\/wp\/v2\/media\/388411"}],"wp:attachment":[{"href":"https:\/\/www.elplaneta.mx\/index.php?rest_route=%2Fwp%2Fv2%2Fmedia&parent=388410"}],"wp:term":[{"taxonomy":"category","embeddable":true,"href":"https:\/\/www.elplaneta.mx\/index.php?rest_route=%2Fwp%2Fv2%2Fcategories&post=388410"},{"taxonomy":"post_tag","embeddable":true,"href":"https:\/\/www.elplaneta.mx\/index.php?rest_route=%2Fwp%2Fv2%2Ftags&post=388410"}],"curies":[{"name":"wp","href":"https:\/\/api.w.org\/{rel}","templated":true}]}}