{"id":388421,"date":"2026-08-31T10:15:03","date_gmt":"2026-08-31T16:15:03","guid":{"rendered":"https:\/\/www.elplaneta.mx\/?p=388421"},"modified":"2026-08-31T10:15:06","modified_gmt":"2026-08-31T16:15:06","slug":"ocho-de-cada-10-periodistas-en-la-cdmx-han-sufrido-discursos-de-odio-advierte-especialista-ibero","status":"publish","type":"post","link":"https:\/\/www.elplaneta.mx\/?p=388421","title":{"rendered":"Ocho de cada 10 periodistas en la CDMX han sufrido discursos de odio, advierte especialista IBERO"},"content":{"rendered":"<div class=\"wp-block-image\">\n<figure class=\"alignleft size-full\"><img loading=\"lazy\" decoding=\"async\" width=\"700\" height=\"400\" src=\"https:\/\/www.elplaneta.mx\/wp-content\/themes\/elplaneta\/FOTOS\/31C34649857575.jpg\" alt=\"\" class=\"wp-image-388422\" srcset=\"https:\/\/www.elplaneta.mx\/wp-content\/themes\/elplaneta\/FOTOS\/31C34649857575.jpg 700w, https:\/\/www.elplaneta.mx\/wp-content\/themes\/elplaneta\/FOTOS\/31C34649857575-300x171.jpg 300w\" sizes=\"auto, (max-width: 700px) 100vw, 700px\" \/><\/figure><\/div>\n\n\n<p>\u00c1lvaro Obreg\u00f3n, Ciudad de M\u00e9xico, M\u00e9xico, Am\u00e9rica.- La violencia contra la prensa en M\u00e9xico se ha diversificado, pues adem\u00e1s de asesinatos, secuestros, asaltos, golpes y robo de equipo, en los \u00faltimos a\u00f1os han cobrado fuerza otras formas de presi\u00f3n contra las y los periodistas, afirm\u00f3 la Dra. Mireya M\u00e1rquez Ram\u00edrez, profesora-investigadora del Departamento de Comunicaci\u00f3n de la Universidad Iberoamericana (IBERO).<\/p>\n\n\n\n<p>&nbsp;&nbsp;&nbsp; \u201cLas democracias van cayendo cuando se empiezan a silenciar voces cr\u00edticas. El punto no es acallarlas sino crear las condiciones para que la libertad de expresi\u00f3n y el derecho a la informaci\u00f3n se ejerzan en un ambiente seguro. El inter\u00e9s de ciudadan\u00eda no es voltear a otro lado cuando hay malos gobiernos sino exigirles rendici\u00f3n de cuentas\u201d, se\u00f1al\u00f3.<\/p>\n\n\n\n<p>Destac\u00f3 que ocho de cada 10 periodistas han sufrido discursos de odio en la Ciudad de M\u00e9xico. Entre las formas de presi\u00f3n se encuentran el uso de leyes con fines intimidatorios, los discursos de odio y la estigmatizaci\u00f3n de la prensa. Estas \u00faltimas, aunque pueden parecer menos peligrosas que una agresi\u00f3n f\u00edsica, producen el chilling effect, que puede desalentar el ejercicio period\u00edstico.<\/p>\n\n\n\n<p>Las formas m\u00e1s sutiles de violencia, explic\u00f3, son precisamente aquellas que no siempre representan un peligro inmediato, pero que pueden abrir la puerta a agresiones posteriores.<\/p>\n\n\n\n<p>De acuerdo con la Dra. M\u00e1rquez Ram\u00edrez, las y los periodistas con mayor visibilidad est\u00e1n particularmente expuestos a los discursos de odio y quienes trabajan en televisi\u00f3n tienen mayor presencia en l\u00ednea o cuentan con mayor reconocimiento pueden convertirse en blancos frecuentes.<\/p>\n\n\n\n<p>En tanto, apunt\u00f3 que las y los comunicadores pertenecientes a minor\u00edas pueden enfrentar ataques relacionados tanto con su actividad profesional como con su identidad.<\/p>\n\n\n\n<p>En el caso de las mujeres, dijo, hay estudios que no necesariamente muestran una mayor frecuencia de discursos de odio, pero s\u00ed mensajes mis\u00f3ginos, violencia sexual y otras formas de hostigamiento que pueden combinarse para profundizar las agresiones.<\/p>\n\n\n\n<p>Cuando el poder estigmatiza a la prensa<\/p>\n\n\n\n<p>Se\u00f1al\u00f3 que la estigmatizaci\u00f3n de periodistas desde el poder constituye otra pieza de este fen\u00f3meno, pues se trata de una pr\u00e1ctica observada en distintos pa\u00edses y que, en ocasiones, termina acompa\u00f1ada por ataques de grupos partidistas en redes sociales.<\/p>\n\n\n\n<p>El mecanismo puede comenzar con una descalificaci\u00f3n p\u00fablica y continuar con campa\u00f1as digitales impulsadas por multitudes an\u00f3nimas. El objetivo, sostuvo, es generar una especie de castigo colectivo contra quienes son se\u00f1aladas o se\u00f1alados por cuestionar al poder.<\/p>\n\n\n\n<p>La Dra. M\u00e1rquez Ram\u00edrez refiri\u00f3 que las y los periodistas pueden equivocarse y que su trabajo debe estar sujeto al escrutinio, pero lo que no corresponde es que el Estado determine qu\u00e9 voces pueden permanecer en la esfera p\u00fablica.<\/p>\n\n\n\n<p>&nbsp;&nbsp;&nbsp; \u201cLa libertad de expresi\u00f3n implica que las ideas sean sometidas al debate y al escrutinio. Si una persona no est\u00e1 de acuerdo con un periodista, la respuesta deber\u00eda ser expresar esa discrepancia de manera respetuosa, no buscar su silenciamiento\u201d, acot\u00f3.<\/p>\n\n\n\n<p>Redes sociales y los discursos de odio<\/p>\n\n\n\n<p>La arquitectura de las redes sociales y sus algoritmos tambi\u00e9n juega un papel en esta din\u00e1mica para agredir periodistas. De acuerdo con la investigadora de nuestra casa de estudios, estas plataformas favorecen la viralizaci\u00f3n de los discursos de odio, mientras que el debate racional pierde terreno.<\/p>\n\n\n\n<p>Indic\u00f3 que as\u00ed enfrentan una doble vulnerabilidad, ya que pueden ser confundidos con las instituciones medi\u00e1ticas para las que trabajan o suelen ser quienes reciben directamente los ataques, aun cuando carezcan de autonom\u00eda dentro de las empresas de comunicaci\u00f3n.<\/p>\n\n\n\n<p>Dijo que la precariedad laboral agrava el problema, pues no es lo mismo enfrentar una agresi\u00f3n siendo due\u00f1o de un medio con una estructura de poder detr\u00e1s que hacerlo como reportera o reportero, cuyos empleos y estabilidad econ\u00f3mica dependen de su trabajo.<\/p>\n\n\n\n<p>Por ello, advirti\u00f3 que las redacciones deber\u00edan contar con protocolos de seguridad frente a este tipo de violencia; sin embargo, muchos periodistas reciben poco o ning\u00fan respaldo instituciona.<\/p>\n\n\n\n<p>Para la Dra. M\u00e1rquez Ram\u00edrez, esa respuesta es insuficiente, pues soportar los ataques no resuelve el problema y el discurso de odio puede legitimar formas de agresi\u00f3n cada vez m\u00e1s violentas.<\/p>\n\n\n\n<p>La sociedad mexicana pierde confianza en medios<\/p>\n\n\n\n<p>Otro elemento que preocupa \u2013indic\u00f3\u2014 es el deterioro de la confianza en los medios. En M\u00e9xico, se\u00f1al\u00f3, esta ha ca\u00eddo m\u00e1s de 17 puntos en una d\u00e9cada, en un contexto mundial donde existe una p\u00e9rdida de confianza.<\/p>\n\n\n\n<p>A pesar de ello, consider\u00f3 que el periodismo de calidad y comprometido con las v\u00edctimas contin\u00faa desarroll\u00e1ndose, especialmente desde proyectos independientes y medios alternativos que suelen trabajar con infraestructura limitada.<\/p>\n\n\n\n<p>Explic\u00f3 que esos periodistas son los que enfrentan mayores riesgos, pues primero aparece el discurso de odio contra ellas y ellos; despu\u00e9s, la estigmatizaci\u00f3n, el cuestionamiento moral, el acoso y finalmente acusaciones o agresiones m\u00e1s graves.<\/p>\n\n\n\n<p>El prop\u00f3sito, describi\u00f3, es generar un proceso de silenciamiento que no afecta \u00fanicamente a una persona, sino que funciona como advertencia para todo el gremio period\u00edstico.<\/p>\n\n\n\n<p>Silenciar al periodista tambi\u00e9n silencia a la ciudadan\u00eda<\/p>\n\n\n\n<p>La discusi\u00f3n, sostuvo la acad\u00e9mica, va mucho m\u00e1s all\u00e1 de defender a los periodistas. Est\u00e1 en juego el derecho de la sociedad a saber.<\/p>\n\n\n\n<p>Record\u00f3 que durante d\u00e9cadas hubo acontecimientos de enorme relevancia sobre los que la poblaci\u00f3n no tuvo informaci\u00f3n suficiente como quienes murieron en el sismo de 1985 hasta los hechos de Tlatelolco o los desaparecidos de la Guerra Sucia y numerosos casos de corrupci\u00f3n.<\/p>\n\n\n\n<p>Las democracias, advirti\u00f3, no necesariamente se derrumban de un d\u00eda para otro; tambi\u00e9n pueden deteriorarse gradualmente cuando las voces cr\u00edticas son silenciadas.<\/p>\n\n\n\n<p>&nbsp;&nbsp;&nbsp; \u201cEl periodismo no deber\u00eda funcionar en favor de un color pol\u00edtico determinado, sino contribuir a que la sociedad pueda exigir rendici\u00f3n de cuentas a cualquier gobierno, independientemente del partido al que pertenezca\u201d, puntualiz\u00f3.<\/p>\n\n\n\n<p>Para profundizar m\u00e1s sobre el tema te invitamos a consultar la investigaci\u00f3n \u00abContextos organizacionales de la violencia contra la prensa: estudio comparativo de la recurrencia de agresiones a periodistas en M\u00e9xico\u00bb de la Dra. Mireya M\u00e1rquez Ram\u00edrez en este enlace.<\/p>\n","protected":false},"excerpt":{"rendered":"<p>\u00c1lvaro Obreg\u00f3n, Ciudad de M\u00e9xico, M\u00e9xico, Am\u00e9rica.- La violencia contra la prensa en M\u00e9xico se&#8230;<\/p>\n","protected":false},"author":1,"featured_media":388422,"comment_status":"open","ping_status":"open","sticky":false,"template":"","format":"standard","meta":{"footnotes":""},"categories":[583,507],"tags":[],"class_list":["post-388421","post","type-post","status-publish","format-standard","has-post-thumbnail","hentry","category-principales","category-trascendente"],"gutentor_comment":0,"_links":{"self":[{"href":"https:\/\/www.elplaneta.mx\/index.php?rest_route=\/wp\/v2\/posts\/388421","targetHints":{"allow":["GET"]}}],"collection":[{"href":"https:\/\/www.elplaneta.mx\/index.php?rest_route=\/wp\/v2\/posts"}],"about":[{"href":"https:\/\/www.elplaneta.mx\/index.php?rest_route=\/wp\/v2\/types\/post"}],"author":[{"embeddable":true,"href":"https:\/\/www.elplaneta.mx\/index.php?rest_route=\/wp\/v2\/users\/1"}],"replies":[{"embeddable":true,"href":"https:\/\/www.elplaneta.mx\/index.php?rest_route=%2Fwp%2Fv2%2Fcomments&post=388421"}],"version-history":[{"count":1,"href":"https:\/\/www.elplaneta.mx\/index.php?rest_route=\/wp\/v2\/posts\/388421\/revisions"}],"predecessor-version":[{"id":388423,"href":"https:\/\/www.elplaneta.mx\/index.php?rest_route=\/wp\/v2\/posts\/388421\/revisions\/388423"}],"wp:featuredmedia":[{"embeddable":true,"href":"https:\/\/www.elplaneta.mx\/index.php?rest_route=\/wp\/v2\/media\/388422"}],"wp:attachment":[{"href":"https:\/\/www.elplaneta.mx\/index.php?rest_route=%2Fwp%2Fv2%2Fmedia&parent=388421"}],"wp:term":[{"taxonomy":"category","embeddable":true,"href":"https:\/\/www.elplaneta.mx\/index.php?rest_route=%2Fwp%2Fv2%2Fcategories&post=388421"},{"taxonomy":"post_tag","embeddable":true,"href":"https:\/\/www.elplaneta.mx\/index.php?rest_route=%2Fwp%2Fv2%2Ftags&post=388421"}],"curies":[{"name":"wp","href":"https:\/\/api.w.org\/{rel}","templated":true}]}}