{"id":388435,"date":"2026-08-31T11:01:24","date_gmt":"2026-08-31T17:01:24","guid":{"rendered":"https:\/\/www.elplaneta.mx\/?p=388435"},"modified":"2026-08-31T11:01:28","modified_gmt":"2026-08-31T17:01:28","slug":"ecocritica-vincula-composta-con-regeneracion-ambiental-y-colectiva-uam","status":"publish","type":"post","link":"https:\/\/www.elplaneta.mx\/?p=388435","title":{"rendered":"Ecocr\u00edtica vincula composta con regeneraci\u00f3n ambiental y colectiva: UAM"},"content":{"rendered":"<div class=\"wp-block-image\">\n<figure class=\"alignleft size-full\"><img loading=\"lazy\" decoding=\"async\" width=\"515\" height=\"388\" src=\"https:\/\/www.elplaneta.mx\/wp-content\/themes\/elplaneta\/FOTOS\/31C4694685676.jpg\" alt=\"\" class=\"wp-image-388436\" srcset=\"https:\/\/www.elplaneta.mx\/wp-content\/themes\/elplaneta\/FOTOS\/31C4694685676.jpg 515w, https:\/\/www.elplaneta.mx\/wp-content\/themes\/elplaneta\/FOTOS\/31C4694685676-300x226.jpg 300w\" sizes=\"auto, (max-width: 515px) 100vw, 515px\" \/><\/figure><\/div>\n\n\n<p>Tlalpan, Ciudad de M\u00e9xico, M\u00e9xico, Am\u00e9rica.- El compostaje constituye un tejido hacia el futuro, porque alimenta la tierra y la prepara para sostener nuevas formas de vida, afirm\u00f3 Carolina Estrada Guti\u00e9rrez, autora del libro Componiendo la Tierra. La esperanza que hay en la composta, presentado en el Centro Cultural Casa del Tiempo de la Universidad Aut\u00f3noma Metropolitana (UAM).<\/p>\n\n\n\n<p>La publicaci\u00f3n, perteneciente a la colecci\u00f3n Ecocr\u00edtica de la Unidad Cuajimalpa, propone una reflexi\u00f3n sobre el cuidado del planeta, la renovaci\u00f3n ambiental y la relaci\u00f3n de los seres humanos con las dem\u00e1s especies que lo habitan.<\/p>\n\n\n\n<p>El encuentro cont\u00f3 con la participaci\u00f3n de la doctora Mar\u00eda Dayanira Iouhaina Garc\u00eda Toledo, coordinadora de Cultura de la Unidad Cuajimalpa, y de Salma Ruth Erehiba Mart\u00ednez, alumna de la Licenciatura en Humanidades, quienes dialogaron con la escritora sobre el contenido y los planteamientos del volumen.<\/p>\n\n\n\n<p>Estrada Guti\u00e9rrez explic\u00f3 que el trabajo editorial surgi\u00f3 durante la crisis provocada por el virus SARS-CoV-2, cuando buscaba una perspectiva esperanzadora ante un periodo marcado por la incertidumbre y el aislamiento. En ese contexto, encontr\u00f3 en su jard\u00edn un espacio de refugio y recuperaci\u00f3n.<\/p>\n\n\n\n<p>El texto aborda asuntos como el capitalismo, el colonialismo, la desigualdad social y el deterioro ecol\u00f3gico. Tambi\u00e9n re\u00fane conocimientos de biolog\u00eda, f\u00edsica, antropolog\u00eda y etnograf\u00eda, adem\u00e1s de recurrir a las etimolog\u00edas para profundizar en el origen y el sentido de las palabras.<\/p>\n\n\n\n<p>La escritora describi\u00f3 la escritura como una pr\u00e1ctica de sanaci\u00f3n que le permiti\u00f3 relacionar la transformaci\u00f3n de la materia org\u00e1nica con la capacidad de las personas y las comunidades para renovarse despu\u00e9s de una crisis.<\/p>\n\n\n\n<p>Garc\u00eda Toledo coment\u00f3 que el proyecto editorial coordinado en ese momento por la maestra Gabriela Lara Torres, cuyo prop\u00f3sito consiste en promover el an\u00e1lisis de los problemas relacionados con la naturaleza por medio de la literatura, la poes\u00eda y el ensayo, as\u00ed como fortalecer los v\u00ednculos entre naturaleza y sociedad.<\/p>\n\n\n\n<p>En el libro, la composta funciona como una met\u00e1fora de la recuperaci\u00f3n del suelo y de la continuidad de la existencia personal y colectiva. Esta din\u00e1mica plantea un balance entre vida y degradaci\u00f3n, as\u00ed como entre p\u00e9rdida y transformaci\u00f3n.<\/p>\n\n\n\n<p>Erehiba Mart\u00ednez destac\u00f3 que el volumen analiza el modelo econ\u00f3mico capitalista a partir de conductas basadas en la competencia y la b\u00fasqueda de beneficios individuales. Frente a esa postura, el texto recuerda que la humanidad comparte el planeta con otros seres vivos esenciales para el equilibrio de los ecosistemas.<\/p>\n\n\n\n<p>En entrevista, Estrada Guti\u00e9rrez agradeci\u00f3 la oportunidad de publicar su trabajo en una instituci\u00f3n con una amplia trayectoria acad\u00e9mica. Consider\u00f3 que la UAM cumple una funci\u00f3n social al abrir oportunidades para propuestas orientadas al estudio de los problemas socioambientales, sin importar el origen externo del manuscrito.<\/p>\n\n\n\n<p>La jornada concluy\u00f3 con un taller de esta pr\u00e1ctica impartido por la creadora del libro, quien comparti\u00f3 con el p\u00fablico procedimientos para aprovechar residuos org\u00e1nicos y aplicar esta pr\u00e1ctica en \u00e1mbitos dom\u00e9sticos.<\/p>\n","protected":false},"excerpt":{"rendered":"<p>Tlalpan, Ciudad de M\u00e9xico, M\u00e9xico, Am\u00e9rica.- El compostaje constituye un tejido hacia el futuro, porque&#8230;<\/p>\n","protected":false},"author":1,"featured_media":388436,"comment_status":"open","ping_status":"open","sticky":false,"template":"","format":"standard","meta":{"footnotes":""},"categories":[151],"tags":[],"class_list":["post-388435","post","type-post","status-publish","format-standard","has-post-thumbnail","hentry","category-espectaculos"],"gutentor_comment":0,"_links":{"self":[{"href":"https:\/\/www.elplaneta.mx\/index.php?rest_route=\/wp\/v2\/posts\/388435","targetHints":{"allow":["GET"]}}],"collection":[{"href":"https:\/\/www.elplaneta.mx\/index.php?rest_route=\/wp\/v2\/posts"}],"about":[{"href":"https:\/\/www.elplaneta.mx\/index.php?rest_route=\/wp\/v2\/types\/post"}],"author":[{"embeddable":true,"href":"https:\/\/www.elplaneta.mx\/index.php?rest_route=\/wp\/v2\/users\/1"}],"replies":[{"embeddable":true,"href":"https:\/\/www.elplaneta.mx\/index.php?rest_route=%2Fwp%2Fv2%2Fcomments&post=388435"}],"version-history":[{"count":1,"href":"https:\/\/www.elplaneta.mx\/index.php?rest_route=\/wp\/v2\/posts\/388435\/revisions"}],"predecessor-version":[{"id":388437,"href":"https:\/\/www.elplaneta.mx\/index.php?rest_route=\/wp\/v2\/posts\/388435\/revisions\/388437"}],"wp:featuredmedia":[{"embeddable":true,"href":"https:\/\/www.elplaneta.mx\/index.php?rest_route=\/wp\/v2\/media\/388436"}],"wp:attachment":[{"href":"https:\/\/www.elplaneta.mx\/index.php?rest_route=%2Fwp%2Fv2%2Fmedia&parent=388435"}],"wp:term":[{"taxonomy":"category","embeddable":true,"href":"https:\/\/www.elplaneta.mx\/index.php?rest_route=%2Fwp%2Fv2%2Fcategories&post=388435"},{"taxonomy":"post_tag","embeddable":true,"href":"https:\/\/www.elplaneta.mx\/index.php?rest_route=%2Fwp%2Fv2%2Ftags&post=388435"}],"curies":[{"name":"wp","href":"https:\/\/api.w.org\/{rel}","templated":true}]}}