{"id":388511,"date":"2026-09-02T11:56:28","date_gmt":"2026-09-02T17:56:28","guid":{"rendered":"https:\/\/www.elplaneta.mx\/?p=388511"},"modified":"2026-09-02T11:56:31","modified_gmt":"2026-09-02T17:56:31","slug":"lograra-partido-paz-el-3-de-la-votacion-en-el-2027","status":"publish","type":"post","link":"https:\/\/www.elplaneta.mx\/?p=388511","title":{"rendered":"\u00bfLograr\u00e1 partido paz el 3% de la votaci\u00f3n en el 2027?"},"content":{"rendered":"\n<p>Por: Alejandro Govea Torres<\/p>\n\n\n\n<p>&nbsp;&nbsp;&nbsp;&nbsp;&nbsp;&nbsp;&nbsp;&nbsp; Dicen que la tercera es la vencida, por lo que la dirigencia del Partido Paz que encabeza Hugo Eric Flores Cervantes conf\u00eda en que esta ocasi\u00f3n sus candidatas y candidatos logren obtener el 3% de la votaci\u00f3n v\u00e1lida del 6 de junio del 2027 para conservar su registro como partido pol\u00edtico.<\/p>\n\n\n\n<p>&nbsp;&nbsp;&nbsp;&nbsp;&nbsp;&nbsp;&nbsp;&nbsp; Flores Cervantes dejar\u00e1 hoy la presidencia de la Secci\u00f3n Instructora de la C\u00e1mara de Diputados para hacerse cargo formalmente de la dirigencia nacional del Partido Paz despu\u00e9s de dos intentos por tener un partido pol\u00edtico que defienda los intereses de la comunidad evang\u00e9lica en el pa\u00eds.<\/p>\n\n\n\n<p>&nbsp;&nbsp;&nbsp;&nbsp;&nbsp;&nbsp;&nbsp;&nbsp; El primer intento de Flores Cervantes fue con el Partido Encuentro Social (PES) en el 2014, pero en la elecci\u00f3n del 2018 no logr\u00f3 obtener el 3% de la votaci\u00f3n v\u00e1lida y perdi\u00f3 su registro como partido pol\u00edtico.<\/p>\n\n\n\n<p>&nbsp;&nbsp;&nbsp;&nbsp;&nbsp;&nbsp;&nbsp;&nbsp; El segundo intento de Flores Cervantes fue con el Partido Encuentro Solidario (PES) en el 2020, pero de nuevo no logr\u00f3 obtener el 3% de la votaci\u00f3n en la elecci\u00f3n del 2024 y volvi\u00f3 a perder su registro como partido pol\u00edtico.<\/p>\n\n\n\n<p>&nbsp;&nbsp;&nbsp;&nbsp;&nbsp;&nbsp;&nbsp;&nbsp; De nuevo Flores Cervantes vuelve por tercera ocasi\u00f3n intentar consolidar su proyecto pol\u00edtico a trav\u00e9s del Partido Paz en la elecci\u00f3n del 2027, sin embargo, no se descarta la posibilidad de que vuelva quedarse otra vez como \u201clas novias del pueblo, vestido y alborotado\u201d.<\/p>\n\n\n\n<p>&nbsp;&nbsp;&nbsp;&nbsp;&nbsp;&nbsp;&nbsp;&nbsp; Y es que esta posibilidad no est\u00e1 alejada de la realidad, puesto que los dirigentes estatales del Partido Paz no han logrado consolidar una s\u00f3lida estructura partidista en cada una de las entidades federativas del pa\u00eds.<\/p>\n\n\n\n<p>&nbsp;&nbsp;&nbsp;&nbsp;&nbsp;&nbsp;&nbsp;&nbsp; Este es el caso del dirigente estatal de Paz en Tamaulipas, David Armando Valenzuela Barrios, quien dice tener 7 mil 500 afiliados en la entidad, pero se trata de \u201cpura remolacha\u201d, como dice el viejo refr\u00e1n, puesto que la mayor\u00eda de sus agremiados son experredistas.<\/p>\n\n\n\n<p>&nbsp;&nbsp;&nbsp;&nbsp;&nbsp;&nbsp;&nbsp;&nbsp; Valenzuela Barrios debe de demostrar que el Partido Paz podr\u00eda ser una buena opci\u00f3n pol\u00edtica para las elecciones del 2027, pero antes requerir\u00e1 promover a gentes con una s\u00f3lida trayectoria social para que sean nominados a los cargos de elecci\u00f3n popular que estar\u00e1n en juego el 6 de junio del pr\u00f3ximo a\u00f1o.<\/p>\n\n\n\n<p>&nbsp;&nbsp;&nbsp;&nbsp;&nbsp;&nbsp;&nbsp;&nbsp; En caso contrario, perder\u00e1 de nuevo el registro condicionado si no logra obtener el 3% de la votaci\u00f3n v\u00e1lida y se har\u00e1 realidad el calificativo de ser \u201cun partido de papel\u201d, como dice el dirigente estatal del Partido Verde Ecologista de M\u00e9xico (PVEM) en Tamaulipas, Manuel Mu\u00f1oz Cano.<\/p>\n\n\n\n<p>&nbsp;&nbsp;&nbsp;&nbsp;&nbsp;&nbsp;&nbsp;&nbsp; En otro tema, el Segundo Informe de Gobierno de la presidenta Claudia Sheinbaum Pardo est\u00e1 programado para las 11.00 horas de ma\u00f1ana martes 1\u00b0 de septiembre en el Patio de Honor de Palacio Nacional, en donde estar\u00e1n reunidos los integrantes del gabinete legal y ampliado, gobernadores, legisladores, empresarios e invitados especiales.<\/p>\n\n\n\n<p>&nbsp;&nbsp;&nbsp;&nbsp;&nbsp;&nbsp;&nbsp;&nbsp; Entre los temas que seguramente abordar\u00e1 la mandataria, el que m\u00e1s llama la atenci\u00f3n de la sociedad mexicana es, sin duda, la situaci\u00f3n de la econom\u00eda por m\u00e1s que se diga que \u201cvamos bien, vamos muy bien\u201d, sobre todo cuando en el Informe de Finanzas P\u00fablicas y Deuda P\u00fablica de la Secretar\u00eda de Hacienda y Cr\u00e9dito P\u00fablico (SHCP), que encabeza \u00c9dgar Amador Zamora, se reconoci\u00f3 que la recaudaci\u00f3n por el concepto del Impuesto Sobre la Renta (ISR) disminuy\u00f3 un 6% anual por una reducci\u00f3n significativa de pagos de las personas morales.<\/p>\n\n\n\n<p>&nbsp;&nbsp;&nbsp;&nbsp;&nbsp;&nbsp;&nbsp;&nbsp; Este indicador se\u00f1ala claramente que la gente no tiene dinero para comprar, es decir que se ha perdido el poder adquisitivo de la poblaci\u00f3n a pesar de que las autoridades fiscales digan que la inflaci\u00f3n disminuy\u00f3 de 3.79% en enero a 3.12% en julio del 2026<\/p>\n\n\n\n<p>&nbsp;&nbsp;&nbsp;&nbsp;&nbsp;&nbsp;&nbsp;&nbsp; Y aunque parezca contradictorio que los centros comerciales, tiendas de uniformes y zapatos, entre otros negocios \u201cest\u00e1n a reventar de compradores\u201d, lo cierto es que la mayor\u00eda ha utilizado sus tarjetas de cr\u00e9dito para solventar los gastos que han tenido para el regreso a clases.<\/p>\n\n\n\n<p>&nbsp;&nbsp;&nbsp;&nbsp;&nbsp;&nbsp;&nbsp;&nbsp; Vamos a escuchar con atenci\u00f3n el mensaje de la presidenta Sheinbaum Pardo de su Segundo Informe de Gobierno en Palacio Nacional, sobre todo para conocer s\u00ed habr\u00e1 nuevas inversiones tanto de empresarios nacionales como extranjeros para impulsar la alica\u00edda econom\u00eda del pa\u00eds.<\/p>\n\n\n\n<p>&nbsp;&nbsp;&nbsp;&nbsp;&nbsp;&nbsp;&nbsp;&nbsp; Por \u00faltimo, la titular de la Secretar\u00eda de Gobernaci\u00f3n (Segob), Rosa Icela Rodr\u00edguez Vel\u00e1zquez, lanz\u00f3 un fuerte mensaje durante la plenaria del grupo parlamentario de Morena, celebrada en el Palacio de San L\u00e1zaro, en donde les advirti\u00f3 a las y los legisladores morenista que en v\u00edspera del proceso electoral del 2027, nadie puede servirse del movimiento para promocionarse, ni mucho menos obtener privilegios personales o vulnerar la ley, cuyo mensaje se espera que sea tomado en cuenta o no resulte como los llamados a misa.<\/p>\n\n\n\n<p>Correo electr\u00f3nico: jagovea_53@yahoo.com<\/p>\n","protected":false},"excerpt":{"rendered":"<p>Por: Alejandro Govea Torres &nbsp;&nbsp;&nbsp;&nbsp;&nbsp;&nbsp;&nbsp;&nbsp; Dicen que la tercera es la vencida, por lo que&#8230;<\/p>\n","protected":false},"author":1,"featured_media":0,"comment_status":"closed","ping_status":"closed","sticky":false,"template":"","format":"standard","meta":{"footnotes":""},"categories":[5],"tags":[],"class_list":["post-388511","post","type-post","status-publish","format-standard","hentry","category-opinion"],"gutentor_comment":0,"_links":{"self":[{"href":"https:\/\/www.elplaneta.mx\/index.php?rest_route=\/wp\/v2\/posts\/388511","targetHints":{"allow":["GET"]}}],"collection":[{"href":"https:\/\/www.elplaneta.mx\/index.php?rest_route=\/wp\/v2\/posts"}],"about":[{"href":"https:\/\/www.elplaneta.mx\/index.php?rest_route=\/wp\/v2\/types\/post"}],"author":[{"embeddable":true,"href":"https:\/\/www.elplaneta.mx\/index.php?rest_route=\/wp\/v2\/users\/1"}],"replies":[{"embeddable":true,"href":"https:\/\/www.elplaneta.mx\/index.php?rest_route=%2Fwp%2Fv2%2Fcomments&post=388511"}],"version-history":[{"count":2,"href":"https:\/\/www.elplaneta.mx\/index.php?rest_route=\/wp\/v2\/posts\/388511\/revisions"}],"predecessor-version":[{"id":388513,"href":"https:\/\/www.elplaneta.mx\/index.php?rest_route=\/wp\/v2\/posts\/388511\/revisions\/388513"}],"wp:attachment":[{"href":"https:\/\/www.elplaneta.mx\/index.php?rest_route=%2Fwp%2Fv2%2Fmedia&parent=388511"}],"wp:term":[{"taxonomy":"category","embeddable":true,"href":"https:\/\/www.elplaneta.mx\/index.php?rest_route=%2Fwp%2Fv2%2Fcategories&post=388511"},{"taxonomy":"post_tag","embeddable":true,"href":"https:\/\/www.elplaneta.mx\/index.php?rest_route=%2Fwp%2Fv2%2Ftags&post=388511"}],"curies":[{"name":"wp","href":"https:\/\/api.w.org\/{rel}","templated":true}]}}