{"id":388520,"date":"2026-09-02T14:10:51","date_gmt":"2026-09-02T20:10:51","guid":{"rendered":"https:\/\/www.elplaneta.mx\/?p=388520"},"modified":"2026-09-02T14:10:54","modified_gmt":"2026-09-02T20:10:54","slug":"la-escritora-consuelo-saizar-cuestiona-la-viabilidad-del-proyecto-aeroportuario-en-nayarit","status":"publish","type":"post","link":"https:\/\/www.elplaneta.mx\/?p=388520","title":{"rendered":"La escritora Consuelo S\u00e1izar, cuestiona la viabilidad del proyecto aeroportuario en Nayarit"},"content":{"rendered":"<div class=\"wp-block-image\">\n<figure class=\"alignleft size-full\"><img loading=\"lazy\" decoding=\"async\" width=\"403\" height=\"300\" src=\"https:\/\/www.elplaneta.mx\/wp-content\/themes\/elplaneta\/FOTOS\/2N4648574674.jpg\" alt=\"\" class=\"wp-image-388521\" srcset=\"https:\/\/www.elplaneta.mx\/wp-content\/themes\/elplaneta\/FOTOS\/2N4648574674.jpg 403w, https:\/\/www.elplaneta.mx\/wp-content\/themes\/elplaneta\/FOTOS\/2N4648574674-300x223.jpg 300w\" sizes=\"auto, (max-width: 403px) 100vw, 403px\" \/><figcaption class=\"wp-element-caption\">Consuelo S\u00e1izar de la Fuente.<\/figcaption><\/figure><\/div>\n\n\n<p>Tepic, Nayarit, M\u00e9xico, Am\u00e9rica.- La construcci\u00f3n de un nuevo aeropuerto en Nayarit se ha convertido en uno de los temas m\u00e1s debatidos de la agenda pol\u00edtica estatal en las \u00faltimas semanas. La escritora y exfuncionaria federal, Consuelo S\u00e1izar de la Fuente, encabeza una de las voces m\u00e1s cr\u00edticas frente a este proyecto de infraestructura impulsado desde el gobierno. Su postura ha generado reacciones en distintos sectores pol\u00edticos y culturales del pa\u00eds. La pol\u00e9mica trasciende el \u00e1mbito t\u00e9cnico y toca fibras sensibles sobre el rumbo de las decisiones p\u00fablicas en la entidad.<\/p>\n\n\n\n<p>S\u00e1izar, quien fue presidenta del Consejo Nacional para la Cultura y las Artes, ha utilizado tribuna escrita para articular sus objeciones al proyecto aeroportuario nayarita. Su argumentaci\u00f3n no se limita a se\u00f1alamientos t\u00e9cnicos o presupuestales, sino que interpela la racionalidad pol\u00edtica detr\u00e1s de la iniciativa. La exfuncionaria cuestiona si el impulso detr\u00e1s del aeropuerto responde a necesidades reales de la poblaci\u00f3n o a intereses ajenos al bienestar colectivo. Esta perspectiva ha abierto un debate m\u00e1s amplio sobre la toma de decisiones en materia de obra p\u00fablica en Nayarit.<\/p>\n\n\n\n<p>El proyecto aeroportuario en cuesti\u00f3n forma parte de una serie de apuestas de infraestructura que el gobierno estatal y autoridades federales han promovido en la regi\u00f3n. Quienes defienden la obra sostienen que detonar\u00eda el desarrollo tur\u00edstico y econ\u00f3mico del estado, fortaleciendo la conectividad con el resto del pa\u00eds. Sin embargo, voces cr\u00edticas como la de S\u00e1izar advierten que los costos sociales, ambientales y pol\u00edticos no han sido suficientemente evaluados. El debate pone en evidencia tensiones recurrentes entre la planeaci\u00f3n gubernamental y la participaci\u00f3n ciudadana.<\/p>\n\n\n\n<p>El gobierno de Nayarit, encabezado actualmente por el mandatario estatal, no ha emitido una respuesta formal y detallada a las cr\u00edticas vertidas en medios de comunicaci\u00f3n. La ausencia de un di\u00e1logo abierto entre las autoridades y quienes cuestionan el proyecto ha sido se\u00f1alada como un d\u00e9ficit democr\u00e1tico por analistas pol\u00edticos locales. En este contexto, el papel de los medios regionales como El Sol de M\u00e9xico y otros espacios de opini\u00f3n resulta clave para sostener la discusi\u00f3n p\u00fablica. La ciudadan\u00eda nayarita observa con atenci\u00f3n c\u00f3mo evoluciona esta disputa pol\u00edtica.<\/p>\n\n\n\n<p>La controversia en torno al aeropuerto de Nayarit refleja una din\u00e1mica m\u00e1s profunda que atraviesa a diversas entidades del pa\u00eds: la tensi\u00f3n entre proyectos de gran escala y los derechos e intereses de las comunidades involucradas. La participaci\u00f3n de figuras culturales y pol\u00edticas de trayectoria nacional en este debate local le otorga mayor visibilidad y peso simb\u00f3lico a las cr\u00edticas. En las pr\u00f3ximas semanas se espera que tanto el ejecutivo estatal como legisladores locales se pronuncien con mayor claridad sobre el futuro del proyecto. La discusi\u00f3n, lejos de cerrarse, parece apenas comenzar.<\/p>\n","protected":false},"excerpt":{"rendered":"<p>Tepic, Nayarit, M\u00e9xico, Am\u00e9rica.- La construcci\u00f3n de un nuevo aeropuerto en Nayarit se ha convertido&#8230;<\/p>\n","protected":false},"author":1,"featured_media":388521,"comment_status":"open","ping_status":"open","sticky":false,"template":"","format":"standard","meta":{"footnotes":""},"categories":[130],"tags":[],"class_list":["post-388520","post","type-post","status-publish","format-standard","has-post-thumbnail","hentry","category-nacional"],"gutentor_comment":0,"_links":{"self":[{"href":"https:\/\/www.elplaneta.mx\/index.php?rest_route=\/wp\/v2\/posts\/388520","targetHints":{"allow":["GET"]}}],"collection":[{"href":"https:\/\/www.elplaneta.mx\/index.php?rest_route=\/wp\/v2\/posts"}],"about":[{"href":"https:\/\/www.elplaneta.mx\/index.php?rest_route=\/wp\/v2\/types\/post"}],"author":[{"embeddable":true,"href":"https:\/\/www.elplaneta.mx\/index.php?rest_route=\/wp\/v2\/users\/1"}],"replies":[{"embeddable":true,"href":"https:\/\/www.elplaneta.mx\/index.php?rest_route=%2Fwp%2Fv2%2Fcomments&post=388520"}],"version-history":[{"count":1,"href":"https:\/\/www.elplaneta.mx\/index.php?rest_route=\/wp\/v2\/posts\/388520\/revisions"}],"predecessor-version":[{"id":388522,"href":"https:\/\/www.elplaneta.mx\/index.php?rest_route=\/wp\/v2\/posts\/388520\/revisions\/388522"}],"wp:featuredmedia":[{"embeddable":true,"href":"https:\/\/www.elplaneta.mx\/index.php?rest_route=\/wp\/v2\/media\/388521"}],"wp:attachment":[{"href":"https:\/\/www.elplaneta.mx\/index.php?rest_route=%2Fwp%2Fv2%2Fmedia&parent=388520"}],"wp:term":[{"taxonomy":"category","embeddable":true,"href":"https:\/\/www.elplaneta.mx\/index.php?rest_route=%2Fwp%2Fv2%2Fcategories&post=388520"},{"taxonomy":"post_tag","embeddable":true,"href":"https:\/\/www.elplaneta.mx\/index.php?rest_route=%2Fwp%2Fv2%2Ftags&post=388520"}],"curies":[{"name":"wp","href":"https:\/\/api.w.org\/{rel}","templated":true}]}}