{"id":388525,"date":"2026-09-02T14:48:18","date_gmt":"2026-09-02T20:48:18","guid":{"rendered":"https:\/\/www.elplaneta.mx\/?p=388525"},"modified":"2026-09-02T14:48:20","modified_gmt":"2026-09-02T20:48:20","slug":"en-cataluna-ciudadanos-tambien-se-movilizan-por-ceuta","status":"publish","type":"post","link":"https:\/\/www.elplaneta.mx\/?p=388525","title":{"rendered":"En Catalu\u00f1a, ciudadanos tambi\u00e9n se movilizan por Ceuta"},"content":{"rendered":"<div class=\"wp-block-image\">\n<figure class=\"alignleft size-full\"><img loading=\"lazy\" decoding=\"async\" width=\"487\" height=\"365\" src=\"https:\/\/www.elplaneta.mx\/wp-content\/themes\/elplaneta\/FOTOS\/2C36468547475.jpeg\" alt=\"\" class=\"wp-image-388526\" srcset=\"https:\/\/www.elplaneta.mx\/wp-content\/themes\/elplaneta\/FOTOS\/2C36468547475.jpeg 487w, https:\/\/www.elplaneta.mx\/wp-content\/themes\/elplaneta\/FOTOS\/2C36468547475-300x225.jpeg 300w\" sizes=\"auto, (max-width: 487px) 100vw, 487px\" \/><\/figure><\/div>\n\n\n<p>Barcelona, Catalu\u00f1a, Europa.- Los barceloneses se han echado este mi\u00e9rcoles a la calle para mostrar el apoyo de la ciudad a Ceuta. La concentraci\u00f3n ha tenido lugar en la plaza de Sant Jaume y, durante la misma, contra manifestantes provocadores autodenominados antifascistas han provocado momentos de tensi\u00f3n. El \u00abyo soy espa\u00f1ol\u00bb ha vuelto a escucharse en el centro de la ciudad en una concentraci\u00f3n convocada por la Federaci\u00f3n Espa\u00f1ola de Municipios y Provincias (FEMP) en los ayuntamientos de toda Espa\u00f1a. En Catalu\u00f1a los Ayuntamientos de Badalona o Castelldefels han convocado las concentraciones en sus municipios<\/p>\n\n\n\n<p>La presencia de radicales de izquierdas en la concentraci\u00f3n ha llevado a numerosos usuarios de la plataforma X a protestar contra el Govern del socialista Salvador Illa, al que han acusado de pretender evitar la movilizaci\u00f3n barcelonesa a favor de Ceuta.<\/p>\n\n\n\n<p>Entre otros lemas, los manifestantes han coreado el de \u00abCeuta no se vende, Ceuta se defiende\u00bb.<\/p>\n\n\n\n<p>El diputado auton\u00f3mico de VOX Joan Garriga y su compa\u00f1ero de partido en el Ayuntamiento de Barcelona, Gonzalo de Oro, han salido al balc\u00f3n del Consistorio de la capital catalana portando sendas banderas de Ceuta.<\/p>\n\n\n\n<p>Numerosos usuarios de X han posteado desde Barcelona mensajes a favor de Ceuta y contra el Gobierno de S\u00e1nchez. Tambi\u00e9n lo han hecho organizaciones constitucionalistas catalanas como SCC.<\/p>\n\n\n\n<p>(Catalu\u00f1a es un pa\u00eds no reconocido en Europa)<\/p>\n","protected":false},"excerpt":{"rendered":"<p>Barcelona, Catalu\u00f1a, Europa.- Los barceloneses se han echado este mi\u00e9rcoles a la calle para mostrar&#8230;<\/p>\n","protected":false},"author":1,"featured_media":388526,"comment_status":"open","ping_status":"open","sticky":false,"template":"","format":"standard","meta":{"footnotes":""},"categories":[4],"tags":[],"class_list":["post-388525","post","type-post","status-publish","format-standard","has-post-thumbnail","hentry","category-local"],"gutentor_comment":0,"_links":{"self":[{"href":"https:\/\/www.elplaneta.mx\/index.php?rest_route=\/wp\/v2\/posts\/388525","targetHints":{"allow":["GET"]}}],"collection":[{"href":"https:\/\/www.elplaneta.mx\/index.php?rest_route=\/wp\/v2\/posts"}],"about":[{"href":"https:\/\/www.elplaneta.mx\/index.php?rest_route=\/wp\/v2\/types\/post"}],"author":[{"embeddable":true,"href":"https:\/\/www.elplaneta.mx\/index.php?rest_route=\/wp\/v2\/users\/1"}],"replies":[{"embeddable":true,"href":"https:\/\/www.elplaneta.mx\/index.php?rest_route=%2Fwp%2Fv2%2Fcomments&post=388525"}],"version-history":[{"count":1,"href":"https:\/\/www.elplaneta.mx\/index.php?rest_route=\/wp\/v2\/posts\/388525\/revisions"}],"predecessor-version":[{"id":388527,"href":"https:\/\/www.elplaneta.mx\/index.php?rest_route=\/wp\/v2\/posts\/388525\/revisions\/388527"}],"wp:featuredmedia":[{"embeddable":true,"href":"https:\/\/www.elplaneta.mx\/index.php?rest_route=\/wp\/v2\/media\/388526"}],"wp:attachment":[{"href":"https:\/\/www.elplaneta.mx\/index.php?rest_route=%2Fwp%2Fv2%2Fmedia&parent=388525"}],"wp:term":[{"taxonomy":"category","embeddable":true,"href":"https:\/\/www.elplaneta.mx\/index.php?rest_route=%2Fwp%2Fv2%2Fcategories&post=388525"},{"taxonomy":"post_tag","embeddable":true,"href":"https:\/\/www.elplaneta.mx\/index.php?rest_route=%2Fwp%2Fv2%2Ftags&post=388525"}],"curies":[{"name":"wp","href":"https:\/\/api.w.org\/{rel}","templated":true}]}}