{"id":388543,"date":"2026-09-03T08:42:24","date_gmt":"2026-09-03T14:42:24","guid":{"rendered":"https:\/\/www.elplaneta.mx\/?p=388543"},"modified":"2026-09-03T08:42:26","modified_gmt":"2026-09-03T14:42:26","slug":"ultimas-novedades-llegada-de-bepicolombo-a-mercurio-esa","status":"publish","type":"post","link":"https:\/\/www.elplaneta.mx\/?p=388543","title":{"rendered":"\u00daltimas novedades: Llegada de BepiColombo a Mercurio: ESA"},"content":{"rendered":"<div class=\"wp-block-image\">\n<figure class=\"alignleft size-full\"><img loading=\"lazy\" decoding=\"async\" width=\"960\" height=\"540\" src=\"https:\/\/www.elplaneta.mx\/wp-content\/themes\/elplaneta\/FOTOS\/3F3649857474.jpg\" alt=\"\" class=\"wp-image-388544\" srcset=\"https:\/\/www.elplaneta.mx\/wp-content\/themes\/elplaneta\/FOTOS\/3F3649857474.jpg 960w, https:\/\/www.elplaneta.mx\/wp-content\/themes\/elplaneta\/FOTOS\/3F3649857474-300x169.jpg 300w, https:\/\/www.elplaneta.mx\/wp-content\/themes\/elplaneta\/FOTOS\/3F3649857474-768x432.jpg 768w\" sizes=\"auto, (max-width: 960px) 100vw, 960px\" \/><\/figure><\/div>\n\n\n<p>Paris, Francia, Europa.- Tras ocho a\u00f1os de viaje por el sistema solar interior, BepiColombo est\u00e1 llegando a Mercurio. Esta p\u00e1gina mostrar\u00e1 las \u00faltimas novedades durante la fase de llegada de la misi\u00f3n.<\/p>\n\n\n\n<p>BepiColombo es una misi\u00f3n cient\u00edfica de primer nivel liderada por la Agencia Espacial Europea (ESA) en estrecha colaboraci\u00f3n con la Agencia de Exploraci\u00f3n Aeroespacial de Jap\u00f3n (JAXA). Ser\u00e1 la primera misi\u00f3n en orbitar Mercurio con dos naves espaciales: el Orbitador Planetario de Mercurio (MPO) de la ESA y el Orbitador Magnetosf\u00e9rico de Mercurio (Mio) de la JAXA orbitar\u00e1n el planeta simult\u00e1neamente.<\/p>\n\n\n\n<p>La \u00abfase de llegada\u00bb comienza con la separaci\u00f3n del M\u00f3dulo de Transferencia a Mercurio (MTM) del conjunto de naves espaciales el 3 de septiembre de 2026. El conjunto de naves entrar\u00e1 en \u00f3rbita alrededor de Mercurio el 21 de noviembre de 2026, y el MPO y el Mio se separar\u00e1n entre s\u00ed los d\u00edas 9 y 10 de diciembre de 2026. El inicio de la fase cient\u00edfica de la misi\u00f3n est\u00e1 previsto para abril de 2027.<\/p>\n\n\n\n<p>Hemos detectado la se\u00f1al Doppler preliminar que indica que el MTM se ha separado del conjunto de naves espaciales BepiColombo. La se\u00f1al Doppler es una variaci\u00f3n en la radiofrecuencia establecida entre la Tierra y la nave espacial. Cuando la nave cambia de velocidad, la frecuencia de la se\u00f1al var\u00eda. Es el mismo principio que hace que percibamos un cambio en el tono de la sirena de una ambulancia cuando esta se acerca o se aleja de nosotros.<\/p>\n\n\n\n<p>La se\u00f1al Doppler inicial es coherente con la secuencia de separaci\u00f3n del MTM prevista. Para confirmar plenamente que la separaci\u00f3n se ha realizado con \u00e9xito, estamos a la espera de una se\u00f1al de la nave MPO hacia las 14:53 BST \/ 15:53 \u200b\u200bCEST. 13:00 BST \/ 14:00 CEST<\/p>\n\n\n<div class=\"wp-block-image\">\n<figure class=\"alignright size-full is-resized\"><img loading=\"lazy\" decoding=\"async\" width=\"330\" height=\"129\" src=\"https:\/\/www.elplaneta.mx\/wp-content\/themes\/elplaneta\/FOTOS\/ESA-Europa.png\" alt=\"\" class=\"wp-image-379929\" style=\"width:180px;height:auto\" srcset=\"https:\/\/www.elplaneta.mx\/wp-content\/themes\/elplaneta\/FOTOS\/ESA-Europa.png 330w, https:\/\/www.elplaneta.mx\/wp-content\/themes\/elplaneta\/FOTOS\/ESA-Europa-300x117.png 300w\" sizes=\"auto, (max-width: 330px) 100vw, 330px\" \/><figcaption class=\"wp-element-caption\">ESA Europa<\/figcaption><\/figure><\/div>\n\n\n<p>El M\u00f3dulo de Transferencia a Mercurio (MTM) de BepiColombo ya deber\u00eda haberse separado de la nave espacial; se trata de un paso clave en el viaje de la misi\u00f3n para entrar en \u00f3rbita alrededor de Mercurio. Ahora se espera captar la se\u00f1al que confirme la separaci\u00f3n no antes de las 14:53 BST \/ 15:53 \u200b\u200bCEST.<\/p>\n\n\n\n<p>12:45 BST \/ 13:45 CEST<\/p>\n\n\n\n<p>\u00a1Ha comenzado la retransmisi\u00f3n en directo de la ESA! Puedes verla aqu\u00ed.<\/p>\n\n\n\n<p>11:03 BST \/ 12:03 CEST<\/p>\n\n\n\n<p>\u00abRecuento completado, v\u00eda libre para la separaci\u00f3n\u00bb: el equipo de control de la misi\u00f3n tiene luz verde para proceder a la separaci\u00f3n del MTM de BepiColombo. La nave espacial ha sido revisada y configurada, las estaciones terrestres est\u00e1n preparadas y el equipo del Centro Europeo de Operaciones Espaciales (ESOC) de la ESA est\u00e1 listo.<\/p>\n","protected":false},"excerpt":{"rendered":"<p>Paris, Francia, Europa.- Tras ocho a\u00f1os de viaje por el sistema solar interior, BepiColombo est\u00e1&#8230;<\/p>\n","protected":false},"author":1,"featured_media":388544,"comment_status":"open","ping_status":"open","sticky":false,"template":"","format":"standard","meta":{"footnotes":""},"categories":[210,583],"tags":[],"class_list":["post-388543","post","type-post","status-publish","format-standard","has-post-thumbnail","hentry","category-el-espacio","category-principales"],"gutentor_comment":0,"_links":{"self":[{"href":"https:\/\/www.elplaneta.mx\/index.php?rest_route=\/wp\/v2\/posts\/388543","targetHints":{"allow":["GET"]}}],"collection":[{"href":"https:\/\/www.elplaneta.mx\/index.php?rest_route=\/wp\/v2\/posts"}],"about":[{"href":"https:\/\/www.elplaneta.mx\/index.php?rest_route=\/wp\/v2\/types\/post"}],"author":[{"embeddable":true,"href":"https:\/\/www.elplaneta.mx\/index.php?rest_route=\/wp\/v2\/users\/1"}],"replies":[{"embeddable":true,"href":"https:\/\/www.elplaneta.mx\/index.php?rest_route=%2Fwp%2Fv2%2Fcomments&post=388543"}],"version-history":[{"count":1,"href":"https:\/\/www.elplaneta.mx\/index.php?rest_route=\/wp\/v2\/posts\/388543\/revisions"}],"predecessor-version":[{"id":388545,"href":"https:\/\/www.elplaneta.mx\/index.php?rest_route=\/wp\/v2\/posts\/388543\/revisions\/388545"}],"wp:featuredmedia":[{"embeddable":true,"href":"https:\/\/www.elplaneta.mx\/index.php?rest_route=\/wp\/v2\/media\/388544"}],"wp:attachment":[{"href":"https:\/\/www.elplaneta.mx\/index.php?rest_route=%2Fwp%2Fv2%2Fmedia&parent=388543"}],"wp:term":[{"taxonomy":"category","embeddable":true,"href":"https:\/\/www.elplaneta.mx\/index.php?rest_route=%2Fwp%2Fv2%2Fcategories&post=388543"},{"taxonomy":"post_tag","embeddable":true,"href":"https:\/\/www.elplaneta.mx\/index.php?rest_route=%2Fwp%2Fv2%2Ftags&post=388543"}],"curies":[{"name":"wp","href":"https:\/\/api.w.org\/{rel}","templated":true}]}}