{"id":388546,"date":"2026-09-03T08:48:07","date_gmt":"2026-09-03T14:48:07","guid":{"rendered":"https:\/\/www.elplaneta.mx\/?p=388546"},"modified":"2026-09-03T08:48:10","modified_gmt":"2026-09-03T14:48:10","slug":"por-un-pinche-like","status":"publish","type":"post","link":"https:\/\/www.elplaneta.mx\/?p=388546","title":{"rendered":"Por un pinche like"},"content":{"rendered":"\n<p>Por Marco Antonio V\u00e1zquez Villanueva<\/p>\n\n\n\n<p>Urge, del verbo ya debi\u00f3 haber comenzado, una investigaci\u00f3n seria y profunda sobre la probable manipulaci\u00f3n que est\u00e1n haciendo las redes sociales de nuestra gente, porque el da\u00f1o es grande, aunque muchos no quieran reparar en ello.<\/p>\n\n\n\n<p>Por supuesto, esa investigaci\u00f3n debe ir acompa\u00f1ada de un trabajo serio que ayude a dise\u00f1ar mejores planes y programas de trabajo en materia educativa, de entrada, que sean suficientemente s\u00f3lidos como para ense\u00f1ar a los ni\u00f1os y j\u00f3venes a pensar, a no caer en las garras de las redes sociales que incluso han llevado a algunos hasta el suicidio.<\/p>\n\n\n\n<p>El tema viene a colaci\u00f3n por dos fen\u00f3menos que hemos visto en los \u00faltimos d\u00edas y que podr\u00edamos ligar con el regreso a clases, con la necesidad de que nuestro sistema educativo pueda formar a los ni\u00f1os y adolescentes para que no sigan patrones, sino una l\u00ednea de pensamiento que les permita ser m\u00e1s humanos, adherirse a las normas sociales y garantizarse una vida adulta m\u00e1s feliz.<\/p>\n\n\n\n<p>Pero pongamos en contexto la situaci\u00f3n.<\/p>\n\n\n\n<p>A mitad de agosto, se hizo viral Tamaulipas al circular un video de la ri\u00f1a en la que un payaso casi mata a un malabarista, en hechos ocurridos en lo que se conoce como El Crucero, de la capital del Estado, del mismo problema aparecieron otros videos, tambi\u00e9n de peleas en las que casi mueren personas.<\/p>\n\n\n\n<p>Al hecho anterior se suma que este fin de semana circul\u00f3 el video donde una persona agrede de manera brutal a otra en los terrenos de un campo de b\u00e9isbol, el del 31 Morelos, tambi\u00e9n en la capital de Tamaulipas.<\/p>\n\n\n\n<p>Lo extraordinario es que los presentes, muy lejos de intervenir para evitar un homicidio, una tragedia, se dedicaron a grabar y luego a subir los videos a las redes sociales donde circulan sin ning\u00fan problema.<\/p>\n\n\n\n<p>A esos hechos, a ese fen\u00f3meno de la violencia que nos aleja de lo humano por un pinche like, hay que sumarle el comportamiento de los algoritmos que da la impresi\u00f3n manipulan las redes sociales para llevar a los j\u00f3venes a retos que han causado muertes, adem\u00e1s de otros que parecen m\u00e1s sanos, pero que igual no dejan cosas buenas, como los llamados therians o eso de farmear aura que traen muy de moda.<\/p>\n\n\n\n<p>Dir\u00e1 usted, y con algo de raz\u00f3n, que los adultos de hoy hicimos cosas peores, que muchos se atrevieron a bailar El Gato Volador o nos hicieron movernos al ritmo de La Macarena y Payaso de Rodeo, podr\u00eda ser, pero nunca privilegiamos quedar bien a cambio de una vida ni realizamos algo al costo de lo que fuera.<\/p>\n\n\n\n<p>Pero bueno, ese es otro tema. Ahora lo urgente es atender pronto el fen\u00f3meno de las redes sociales que nos est\u00e1n deshumanizando, que nos han llevado a cambiar un like por una vida o por poner en riesgo a otras personas, como en el caso del payaso, como en el caso de la pelea en el campo de b\u00e9isbol, como en otras luchas campales en los campos de f\u00fatbol, ejemplos sobran de lo que le menciono.<\/p>\n\n\n\n<p>Igual es obvio que est\u00e1n manipulando a los ni\u00f1os, a los j\u00f3venes, y m\u00e1s real es que lo est\u00e1n haciendo de manera muy f\u00e1cil, ah\u00ed est\u00e1n las batallas para farmear aura, antes la proliferaci\u00f3n de los therians.<\/p>\n\n\n\n<p>Tiene usted raz\u00f3n, los principales culpables somos los padres de familia por no ponerle l\u00edmites al uso de los dispositivos, por no atender a nuestros ni\u00f1os e inculcarles valores, pero tambi\u00e9n es real que los ni\u00f1os, nuestros muchachos, parece que est\u00e1n dejando de pensar, de leer, de educarse, de ser atentos con los dem\u00e1s, no es broma cuando le digo que han ingresado a secundaria ni\u00f1os que no saben ni leer ni escribir correctamente, las estad\u00edsticas, hay ex\u00e1menes de ingreso, o de valoraci\u00f3n, donde ni el 20 por ciento de aciertos obtuvieron.<\/p>\n\n\n\n<p>Y all\u00e1 vamos, urge investigar a fondo qu\u00e9 pasa con los algoritmos de las redes sociales, porque a usted o a m\u00ed, simples mortales, no nos permiten ni una mentada de madre, mientras que los videos de peleas donde casi hay muertos circulan a diestra y siniestra, y lo referente a farmear aura hasta se hace viral.<\/p>\n\n\n\n<p>Por supuesto, entre las urgencias est\u00e1 que la Secretar\u00eda de Educaci\u00f3n inicie una revisi\u00f3n y pretenda una reforma real de los planes y programas de estudio, ya es tiempo de buscar la f\u00f3rmula para ense\u00f1ar a pensar a los ni\u00f1os, a evitar que sean manipulables.<\/p>\n\n\n\n<p>Inici\u00f3 un ciclo escolar con nuevos fen\u00f3menos sociales a la vista, esos que observamos en personas grabando a otras mientras se matan para ganar un like, o de otros que farmean aura nom\u00e1s como tendencia de las redes, igual comenz\u00f3 con la discusi\u00f3n sobre permitir o restringir el uso de los celulares en los salones, ojal\u00e1 que todo ello sirva para observar el problema de fondo, para entender que a nuestros ni\u00f1os y muchachos los est\u00e1n manejan y los llevan a donde les plazca.<\/p>\n\n\n\n<p>Adivin\u00f3, hoy nos mueve un pinche like, y lo hace al costo de lo que sea, incluso de poner en riesgo vidas o de provocar tragedias y ya urge que alguien pueda observar eso para evitarlo, debe ser parte de la investigaci\u00f3n social que permita a nuestro sistema educativo contrarrestarlo y cumplir con su misi\u00f3n de entregarnos mejores seres humanos, m\u00e1s pensantes, m\u00e1s libres\u2026<\/p>\n\n\n\n<p>ARRANCA AM\u00c9RICO CICLO ESCOLAR 2026-2027 CON APOYOS POR M\u00c1S DE 354 MDP PARA ESTUDIANTES\u2026 Tambi\u00e9n inaugur\u00f3 la escuela primaria \u00abCapit\u00e1n de Nav\u00edo Blas God\u00ednez Brito\u00bb.<\/p>\n\n\n\n<p>El gobernador Am\u00e9rico Villarreal Anaya inaugur\u00f3 la escuela primaria \u00abCapit\u00e1n de Nav\u00edo Blas God\u00ednez Brito\u00bb y puso en marcha el ciclo escolar 2026-2027, en el que se entregan paquetes de uniformes, mochilas y \u00fatiles escolares con una inversi\u00f3n de m\u00e1s de 354 millones de pesos, en beneficio de 606 mil 702 alumnas y alumnos de educaci\u00f3n b\u00e1sica en Tamaulipas.<\/p>\n\n\n\n<p>Acompa\u00f1ado por el almirante Ramiro Lobato Camacho, comandante de la Primera Regi\u00f3n Naval, en representaci\u00f3n del secretario de Marina, Raymundo Pedro Morales \u00c1ngeles, el gobernador destac\u00f3 que, m\u00e1s importante que las cifras o las cantidades, lo m\u00e1s valioso es que estos apoyos se traduzcan en un beneficio para las personas.<\/p>\n\n\n\n<p>\u00abQue todo alumno que sigue progresando en su formaci\u00f3n tenga la certeza de que cuenta con un pupitre, que cuenta con un sal\u00f3n de clases y que cuenta con un maestro ante grupo, para poder seguir estudiando y form\u00e1ndose en los retos de esta aventura que va a ser su vida y con la que van a estar contando con la educaci\u00f3n y el conocimiento que tengan a trav\u00e9s de ella\u00bb, dijo.<\/p>\n\n\n\n<p>Agreg\u00f3 que, con el apoyo de la presidenta Claudia Sheinbaum Pardo, se tienen ahora las becas Rita Cetina para todos los alumnos de educaci\u00f3n primaria y que puedan tener m\u00e1s seguridad de la ayuda a sus hogares, que permanezcan en las aulas y tengan una adecuada formaci\u00f3n para los grandes retos que enfrentar\u00e1n en su vida.<\/p>\n\n\n\n<p>\u00abQue est\u00e9n ustedes con esa visi\u00f3n de futuro de estos gobiernos humanistas que ven y hacen sentir la presencia del gobierno, de sus instituciones en nuestra gente\u00bb, expres\u00f3.<\/p>\n\n\n\n<p>Miguel \u00c1ngel Valdez Garc\u00eda, secretario de Educaci\u00f3n de Tamaulipas, expuso que el ciclo escolar 2026-2027 inicia en Tamaulipas con m\u00e1s de 606 mil 702 alumnas y alumnos, 33 mil 900 maestras y maestros y 6 mil 411 escuelas de educaci\u00f3n b\u00e1sica.<\/p>\n\n\n\n<p>Indic\u00f3 que, gracias a la visi\u00f3n del gobernador Am\u00e9rico Villarreal, hoy se entregan 500 mil paquetes de \u00fatiles escolares en los 43 municipios, con una inversi\u00f3n de 254 millones de pesos, y 71 mil 9 paquetes de uniformes escolares, con tenis y mochilas, en 31 municipios, con una inversi\u00f3n de 100 millones de pesos.<\/p>\n\n\n\n<p>Mencion\u00f3 que en las primarias de Tamaulipas se han distribuido 3 millones 817 mil 331 libros de texto gratuitos y, con el apoyo de la presidenta Claudia Sheinbaum, se destinan 859 millones de pesos para las becas Rita Cetina; 600 millones de pesos para becas Benito Ju\u00e1rez de educaci\u00f3n media superior y 127 millones de pesos en becas para estudiantes universitarios.<\/p>\n\n\n\n<p>\u00abA ello se suma el programa La Escuela es Nuestra, con 450 millones de pesos. Se\u00f1or gobernador: son m\u00e1s de 2 mil millones de pesos los que usted y la presidenta han destinado al futuro de nuestras ni\u00f1as, nuestros ni\u00f1os y nuestros j\u00f3venes\u00bb, puntualiz\u00f3.<\/p>\n\n\n\n<p>Por su parte, el almirante Ramiro Lobato Camacho, comandante de la Primera Regi\u00f3n Naval, a nombre de la Secretar\u00eda de Marina, agradeci\u00f3 al gobernador Am\u00e9rico Villarreal por su disposici\u00f3n, compromiso y respaldo para hacer posible la entrega de esta escuela que representa, dijo, la voluntad de sumar esfuerzos en favor de la educaci\u00f3n y del futuro de las nuevas generaciones.<\/p>\n\n\n\n<p>\u00abSe\u00f1or gobernador, esta acci\u00f3n demuestra que cuando las instituciones trabajan de manera coordinada, los resultados se traducen en mejores oportunidades para nuestros ni\u00f1os y ni\u00f1as\u00bb, mencion\u00f3.<\/p>\n\n\n\n<p>La bienvenida al evento estuvo a cargo de Glynnis Georgina Jim\u00e9nez V\u00e1zquez, presidenta municipal de Soto la Marina, quien reconoci\u00f3 el respaldo que brinda el gobernador del Estado a la educaci\u00f3n.<\/p>\n\n\n\n<p>\u00abEstos apoyos representan mucho m\u00e1s que una entrega, representan tranquilidad para las familias, igualdad de oportunidades para nuestros estudiantes y la certeza de que ning\u00fan ni\u00f1o o joven debe quedarse atr\u00e1s por falta de herramientas para estudiar\u00bb, expres\u00f3.<\/p>\n\n\n\n<p>La alumna de quinto grado Leah Guadalupe Hern\u00e1ndez Rodr\u00edguez expres\u00f3, a nombre de sus compa\u00f1eros, su benepl\u00e1cito por recibir estas nuevas instalaciones: \u00abPara nosotros no es solamente un edificio o unos salones nuevos, es un espacio donde vamos a aprender, convivir, hacer amigos y cumplir muchas de nuestras metas\u00bb, mencion\u00f3.<\/p>\n\n\n\n<p>BECAN A ESTUDIANTES DE LA UAT PARA EL DESARROLLO DE PROYECTOS DE BASE TECNOL\u00d3GICA\u2026 Estudiantes de diversas unidades acad\u00e9micas y facultades de la Universidad Aut\u00f3noma de Tamaulipas (UAT) formalizaron su incorporaci\u00f3n al Programa de Incubaci\u00f3n de Empresas de Base Tecnol\u00f3gica, Convocatoria 2026 del Consejo Tamaulipeco de Ciencia y Tecnolog\u00eda (COTACYT), mediante la firma de Convenios de Asignaci\u00f3n de Beca que les permitir\u00e1 dar continuidad al desarrollo de sus proyectos dise\u00f1ados para ofrecer soluciones digitales e ingenieriles a las necesidades reales de los sectores productivos del estado.<\/p>\n\n\n\n<p>Las iniciativas de los equipos de estudiantes universitarios se alinean de manera directa con las pol\u00edticas institucionales del rector, D\u00e1maso Anaya Alvarado, las cuales est\u00e1n orientadas a promover la investigaci\u00f3n cient\u00edfica aplicada, la transferencia tecnol\u00f3gica y el emprendimiento con un fuerte impacto social.<\/p>\n\n\n\n<p>Gracias al rigor t\u00e9cnico, factibilidad e impacto de sus desarrollos fueron aprobados siete proyectos de equipos de la UAT, de un total de once que se autorizaron a nivel estatal, para acceder as\u00ed a este esquema de acompa\u00f1amiento especializado que les permitir\u00e1 consolidar sus prototipos como startups y soluciones de base tecnol\u00f3gica maduras para el mercado estatal y nacional.<\/p>\n\n\n\n<p>La comunidad estudiantil de la UAT encabez\u00f3 la creaci\u00f3n de propuestas clave en distintas disciplinas. Por parte de la Facultad de Ingenier\u00eda Tampico destaca la plataforma SaaS Multitenant CRM Gesti\u00f3n de Inversiones, dise\u00f1ada para la centralizaci\u00f3n de clientes y procesos de venta; as\u00ed como el Sistema Avanzado de Monitoreo de Stock y Gesti\u00f3n Operativa para el Sector de Servicios Alimenticios, un ERP modular en la nube orientado a resolver ineficiencias log\u00edsticas y optimizar el control de inventarios.<\/p>\n\n\n\n<p>De la Facultad de Ingenier\u00eda y Ciencias del Campus Victoria, el alumnado desarrolla innovaciones para el campo tamaulipeco mediante una plataforma SaaS para la Detecci\u00f3n y Gesti\u00f3n de Enfermedades en Cultivos Agr\u00edcolas; la herramienta HYDROPLANT-LTE para la planificaci\u00f3n h\u00eddrica y nutricional mediante balance de energ\u00eda; as\u00ed como el desarrollo colaborativo de la tecnolog\u00eda de collares IoT VITAPET DS para el monitoreo biom\u00e9trico de ganado bovino de exportaci\u00f3n, este \u00faltimo en colaboraci\u00f3n con la Universidad Polit\u00e9cnica de Victoria.<\/p>\n\n\n\n<p>Por su parte, estudiantes de la Facultad de Comercio y Administraci\u00f3n Victoria dise\u00f1aron MezcalTech Tamaulipas, un ecosistema digital que integra marketplace, trazabilidad, blockchain e inteligencia artificial para impulsar la comercializaci\u00f3n del mezcal artesanal. De igual manera, alumnas de la Unidad Acad\u00e9mica de Trabajo Social y Ciencias para el Desarrollo Humano, en un proyecto conjunto con el TecNM Victoria, participan en la Plataforma Digital de Seguimiento Terap\u00e9utico y Desarrollo Educativo Inclusivo (Peque\u00f1as Conexiones), enfocada en el acompa\u00f1amiento psicopedag\u00f3gico infantil.<\/p>\n\n\n\n<p>Coloque en el buscador de facebok @CENADeNegros1 y le agradecer\u00e9 que me regale un Me Gusta, adem\u00e1s nos puede seguir en la cuenta de X @gatovaliente y, como siempre, le dejo el correo electr\u00f3nico a sus \u00f3rdenes para lo que guste y mande\u2026 marcovazquez20001@hotmail.com<\/p>\n","protected":false},"excerpt":{"rendered":"<p>Por Marco Antonio V\u00e1zquez Villanueva Urge, del verbo ya debi\u00f3 haber comenzado, una investigaci\u00f3n seria&#8230;<\/p>\n","protected":false},"author":1,"featured_media":0,"comment_status":"closed","ping_status":"closed","sticky":false,"template":"","format":"standard","meta":{"footnotes":""},"categories":[5],"tags":[],"class_list":["post-388546","post","type-post","status-publish","format-standard","hentry","category-opinion"],"gutentor_comment":0,"_links":{"self":[{"href":"https:\/\/www.elplaneta.mx\/index.php?rest_route=\/wp\/v2\/posts\/388546","targetHints":{"allow":["GET"]}}],"collection":[{"href":"https:\/\/www.elplaneta.mx\/index.php?rest_route=\/wp\/v2\/posts"}],"about":[{"href":"https:\/\/www.elplaneta.mx\/index.php?rest_route=\/wp\/v2\/types\/post"}],"author":[{"embeddable":true,"href":"https:\/\/www.elplaneta.mx\/index.php?rest_route=\/wp\/v2\/users\/1"}],"replies":[{"embeddable":true,"href":"https:\/\/www.elplaneta.mx\/index.php?rest_route=%2Fwp%2Fv2%2Fcomments&post=388546"}],"version-history":[{"count":2,"href":"https:\/\/www.elplaneta.mx\/index.php?rest_route=\/wp\/v2\/posts\/388546\/revisions"}],"predecessor-version":[{"id":388548,"href":"https:\/\/www.elplaneta.mx\/index.php?rest_route=\/wp\/v2\/posts\/388546\/revisions\/388548"}],"wp:attachment":[{"href":"https:\/\/www.elplaneta.mx\/index.php?rest_route=%2Fwp%2Fv2%2Fmedia&parent=388546"}],"wp:term":[{"taxonomy":"category","embeddable":true,"href":"https:\/\/www.elplaneta.mx\/index.php?rest_route=%2Fwp%2Fv2%2Fcategories&post=388546"},{"taxonomy":"post_tag","embeddable":true,"href":"https:\/\/www.elplaneta.mx\/index.php?rest_route=%2Fwp%2Fv2%2Ftags&post=388546"}],"curies":[{"name":"wp","href":"https:\/\/api.w.org\/{rel}","templated":true}]}}