{"id":388558,"date":"2026-09-03T09:22:59","date_gmt":"2026-09-03T15:22:59","guid":{"rendered":"https:\/\/www.elplaneta.mx\/?p=388558"},"modified":"2026-09-03T09:23:02","modified_gmt":"2026-09-03T15:23:02","slug":"alcaldes-a-control-remoto","status":"publish","type":"post","link":"https:\/\/www.elplaneta.mx\/?p=388558","title":{"rendered":"Alcaldes a \u201ccontrol remoto\u201d"},"content":{"rendered":"\n<p>Por Felipe Mart\u00ednez Ch\u00e1vez<\/p>\n\n\n\n<p>Cd. Victoria, Tamaulipas.- Hab\u00eda un alcalde, de San Nicol\u00e1s, que viv\u00eda en esta capital y cada quincena se aparec\u00eda por all\u00e1 para pagar la n\u00f3mina de los empleados, entre ellos un polic\u00eda. Manejaba todo a control remoto.<\/p>\n\n\n\n<p>Sigue siendo una pr\u00e1ctica com\u00fan. En Villa de Casas un edil solo utilizaba el territorio para emborracharse con sus amigos.<\/p>\n\n\n\n<p>En San Carlos la mayor parte de los ediles duermen en la capital, o San Fernando, cobran ah\u00ed. Lo mismo pasa con los municipios de la zona serrana, Tula, Jaumave, Palmillas, Miquihuana Bustamante.<\/p>\n\n\n\n<p>Se nos hace que no basta que, como candidatos, acrediten un domicilio con la credencial de elector.<\/p>\n\n\n\n<p>Un Presidente de Llera dirigi\u00f3 los destinos del municipio por nueve a\u00f1os y viv\u00eda en Las Flores, de la capital. Es necesario que, si alguien quiere ser presidente, viva donde cobra, manda y, sobre todo, donde lo eligieron y est\u00e1n los problemas.<\/p>\n\n\n\n<p>Por eso yo, digo que la iniciativa de Claudia Sheinbaum para evitar la doble nacionalidad de los Presidentes y Gobernadores, se qued\u00f3 corta. Es necesario confirmar de vez en cuando d\u00f3nde tienen du domicilio, de lo cual se encargar\u00edan las autoridades electorales y tribunales.<\/p>\n\n\n\n<p>En la frontera, es muy socorrido que los ediles vienen al ayuntamiento en la ma\u00f1ana y por la tarde noche se regresan al lado americano. La gente ya no quiere golondrinos.<\/p>\n\n\n\n<p>En el tema de los gobernadores: Que tambi\u00e9n vivan en M\u00e9xico, aparte de su nacionalidad mexicana \u00bfser\u00eda mucho pedir a Do\u00f1a Claudia?<\/p>\n\n\n\n<p>Desde luego los regidores, porque tambi\u00e9n los hay que viven en Victoria y representan en Llera, por ejemplo, o andan de mojados en el gabacho y no atienden el encargo.<\/p>\n\n\n\n<p>Gobiernan en M\u00e9xico pero viven en los Estados Unidos y eso no se vale.<\/p>\n\n\n\n<p>Un candidato a presidente de Jaumave, m\u00e9dico de profesi\u00f3n, viv\u00eda por el rumbo del Dos Ju\u00e1rez, con su familia, y ten\u00eda credencial del altiplano. Lo bueno es que la ciudadan\u00eda lo mand\u00f3 a morder polvo, en lo que marc\u00f3 el fin del cacicazgo de Jos\u00e9 Gudi\u00f1o Cardiel.<\/p>\n\n\n\n<p>Bueno, dejemos el asunto. Lo importante es que el coordinador parlamentario de la Legislatura Local, Humberto Prieto Herrera, declar\u00f3 que est\u00e1n dispuestos a aprobar reformas sobre restricciones a individuos con doble nacionalidad. Esperan que salga la federal para saber en qu\u00e9 t\u00e9rminos viene.<\/p>\n\n\n\n<p>Dicen que, en pol\u00edtica, las ausencias dicen m\u00e1s que las presencias.<\/p>\n\n\n\n<p>Los grandes ausentas de la cabalgata de la Unidad del s\u00e1bado en ciudad Victoria: Maki Ortiz y su hijo Carlos, de Reynosa. Desde hace tiempo se apartaron del guinda, PT y lo que huela a 4T. No van solos pero de perdido postular\u00e1n a dos candidatos de mayor\u00eda.<\/p>\n\n\n\n<p>Los ecologistas se creen mayores de edad: Tampoco hizo acto de presencia Don Manuel Mu\u00f1oz, el jefe estatal del PV ni sus m\u00e1s cercanos \u00bfc\u00f3mo forma de presi\u00f3n? \u00bfcu\u00e1ntos votos representan?. Casandra de los Santos (R\u00edo Bravo), Hern\u00e1ndez Alem\u00e1n ni el se\u00f1or Ch\u00e1vez que suspiran por la silla municipal.<\/p>\n\n\n\n<p>Y decir que la Comisi\u00f3n Nacional de Procesos Interrnos de Morena aprob\u00f3 este lunes convocatoria para nombrar a los coordinadores distritales, federales en defensa de la 4T, la cual manten\u00edan en secreto.<\/p>\n\n\n\n<p>Con ello se levantar\u00e1 el esc\u00e1ndalo de los legisladores que buscan la reelecci\u00f3n o funcionarios que quieren participar. Deben renunciar anticipadamente a presentar solicitud.<\/p>\n\n\n\n<p>En Tamaulipas se espera licencia de varios alcaldes que van por las federales, como Eduardo Gatt\u00e1s, de Victoria, Armando Mart\u00ednez, de Altamira; Carmen Lilia Canturosas, de Nuevo Laredo, cuando no Carlos Pe\u00f1a, de Reynosa. Luego del proceso podr\u00e1n regresar a sus funciones.<\/p>\n\n\n\n<p>Los federales que buscan reelecci\u00f3n no tienen obligaci\u00f3n de licenciarse, pero algunos ya lo hicieron para tener el tiempo suficiente de hacer proselitismo. Pronto habr\u00e1 detalles. Hoy los guindas no quieren hacerle sombra a la presidenta Sheinbaum, que el uno de septiembre rendir\u00e1 su informe de labores.<\/p>\n\n\n\n<p>Ah\u00ed estar\u00e1 la clase pol\u00edtica nacional, gobernadores, funcionarios, en total 300 invitados. No ser\u00e1 evento masivo. Am\u00e9rico Villarreal encabezar\u00e1 el grupo de Tamaulipas.<\/p>\n\n\n\n<p>Despu\u00e9s de, Sheinbaum recorrer\u00e1 las entidades y Cdmx para dar pormenores. A Tamaulipas le toca ah\u00ed por mediados de septiembre, en ciudad Victoria seg\u00fan el primer anuncio.<\/p>\n\n\n\n<p>Igual el Gobernador Villareal prepara una gira por los 43 municipios para asistir a los informes de ediles, todos, de cualquier partido que, seg\u00fan la Ley, deben rendirse en la primera quincena del mes patrio. Se echar\u00e1 de dos o tres por d\u00eda.<\/p>\n\n\n\n<p>Esto nos recuerda que, su padre Am\u00e9rico Villarreal Guerra, a finales de 1992 hizo la misma operaci\u00f3n. Algunos fueron programados en la noche.<\/p>\n\n\n\n<p>La idea de AVA es tener un contacto permanente con la ciudadan\u00eda, escuchar sus voces, demandas y, desde luego, porque no somos ignorantes, ciudadanos y o acaldes le tocar\u00e1n el tema de las candidaturas municipales, a lo cual \u00e9l los remitir\u00e1 al partido.<\/p>\n\n\n\n<p>Como dec\u00edamos ayer, el Gobernador Villarreal presidi\u00f3 honores a la Bandera en la cabecera de Soto la Marina y la Pesca y arranc\u00f3 el ciclo escolar. Ah\u00ed el Rector de la UAT, D\u00e1maso Anaya Alvarado expres\u00f3 el firme compromiso de garantizar una educaci\u00f3n de excelencia y ampliar las oportunidades para la juventud tamaulipeca.<\/p>\n","protected":false},"excerpt":{"rendered":"<p>Por Felipe Mart\u00ednez Ch\u00e1vez Cd. Victoria, Tamaulipas.- Hab\u00eda un alcalde, de San Nicol\u00e1s, que viv\u00eda&#8230;<\/p>\n","protected":false},"author":1,"featured_media":0,"comment_status":"open","ping_status":"open","sticky":false,"template":"","format":"standard","meta":{"footnotes":""},"categories":[5],"tags":[],"class_list":["post-388558","post","type-post","status-publish","format-standard","hentry","category-opinion"],"gutentor_comment":0,"_links":{"self":[{"href":"https:\/\/www.elplaneta.mx\/index.php?rest_route=\/wp\/v2\/posts\/388558","targetHints":{"allow":["GET"]}}],"collection":[{"href":"https:\/\/www.elplaneta.mx\/index.php?rest_route=\/wp\/v2\/posts"}],"about":[{"href":"https:\/\/www.elplaneta.mx\/index.php?rest_route=\/wp\/v2\/types\/post"}],"author":[{"embeddable":true,"href":"https:\/\/www.elplaneta.mx\/index.php?rest_route=\/wp\/v2\/users\/1"}],"replies":[{"embeddable":true,"href":"https:\/\/www.elplaneta.mx\/index.php?rest_route=%2Fwp%2Fv2%2Fcomments&post=388558"}],"version-history":[{"count":1,"href":"https:\/\/www.elplaneta.mx\/index.php?rest_route=\/wp\/v2\/posts\/388558\/revisions"}],"predecessor-version":[{"id":388559,"href":"https:\/\/www.elplaneta.mx\/index.php?rest_route=\/wp\/v2\/posts\/388558\/revisions\/388559"}],"wp:attachment":[{"href":"https:\/\/www.elplaneta.mx\/index.php?rest_route=%2Fwp%2Fv2%2Fmedia&parent=388558"}],"wp:term":[{"taxonomy":"category","embeddable":true,"href":"https:\/\/www.elplaneta.mx\/index.php?rest_route=%2Fwp%2Fv2%2Fcategories&post=388558"},{"taxonomy":"post_tag","embeddable":true,"href":"https:\/\/www.elplaneta.mx\/index.php?rest_route=%2Fwp%2Fv2%2Ftags&post=388558"}],"curies":[{"name":"wp","href":"https:\/\/api.w.org\/{rel}","templated":true}]}}