{"id":388560,"date":"2026-09-03T09:30:10","date_gmt":"2026-09-03T15:30:10","guid":{"rendered":"https:\/\/www.elplaneta.mx\/?p=388560"},"modified":"2026-09-03T09:30:13","modified_gmt":"2026-09-03T15:30:13","slug":"supervisa-secretario-de-educacion-escuelas-en-su-primera-semana-de-clases","status":"publish","type":"post","link":"https:\/\/www.elplaneta.mx\/?p=388560","title":{"rendered":"Supervisa secretario de Educaci\u00f3n escuelas en su primera semana de clases"},"content":{"rendered":"<div class=\"wp-block-image\">\n<figure class=\"alignleft size-full\"><img loading=\"lazy\" decoding=\"async\" width=\"510\" height=\"300\" src=\"https:\/\/www.elplaneta.mx\/wp-content\/themes\/elplaneta\/FOTOS\/3T346567565.jpeg\" alt=\"\" class=\"wp-image-388561\" srcset=\"https:\/\/www.elplaneta.mx\/wp-content\/themes\/elplaneta\/FOTOS\/3T346567565.jpeg 510w, https:\/\/www.elplaneta.mx\/wp-content\/themes\/elplaneta\/FOTOS\/3T346567565-300x176.jpeg 300w\" sizes=\"auto, (max-width: 510px) 100vw, 510px\" \/><\/figure><\/div>\n\n\n<p>Ciudad Victoria, Tamaulipas, M\u00e9xico, Am\u00e9rica.- Para conocer a detalle las condiciones en que se encuentran los centros escolares, Miguel \u00c1ngel Valdez Garc\u00eda, secretario de Educaci\u00f3n de Tamaulipas, visit\u00f3 la Escuela Secundaria General No. 8 \u201cBlas Uvalle Gonz\u00e1lez\u201d en Ciudad Victoria.<\/p>\n\n\n\n<p>El titular del sector educativo recorri\u00f3 las instalaciones del plantel, acompa\u00f1ado por la maestra Narda Marisela de la Garza, directora de la instituci\u00f3n, supervisando las diversas \u00e1reas de la secundaria para comprobar que se cuente con las condiciones \u00f3ptimas para el inicio del ciclo escolar.<\/p>\n\n\n\n<p>Valdez Garc\u00eda visit\u00f3 uno de los salones de tercer grado, en donde charl\u00f3 con las y los estudiantes, abordando temas como inteligencia artificial, los retos virales, as\u00ed como los procesos emocionales de las y los adolescentes, los cuales, inform\u00f3, ahora ser\u00e1n atendidos mediante el programa \u201cEl ABC de las Emociones\u201d.<\/p>\n\n\n\n<p>Destac\u00f3 el compromiso del gobernador Am\u00e9rico Villarreal Anaya en garantizar que todas las escuelas del estado cuenten con espacios dignos y ambientes \u00f3ptimos para aprender, socializar y convivir en armon\u00eda, por lo que exhort\u00f3 a las y los j\u00f3venes a aprovechar la oportunidad de estudiar y a hacer de su educaci\u00f3n la base para su desarrollo en la vida.<\/p>\n\n\n\n<p>Ante la cercan\u00eda demostrada por el secretario, algunas y algunos de los adolescentes charlaron sobre temas de moda entre los j\u00f3venes, como el gusto por la m\u00fasica coreana conocida como K-pop; le explicaron tambi\u00e9n el significado de \u201cfarmear aura\u201d y el popular ejercicio conocido como \u201csix-seven\u201d.<\/p>\n","protected":false},"excerpt":{"rendered":"<p>Ciudad Victoria, Tamaulipas, M\u00e9xico, Am\u00e9rica.- Para conocer a detalle las condiciones en que se encuentran&#8230;<\/p>\n","protected":false},"author":1,"featured_media":388561,"comment_status":"open","ping_status":"open","sticky":false,"template":"","format":"standard","meta":{"footnotes":""},"categories":[584,20],"tags":[],"class_list":["post-388560","post","type-post","status-publish","format-standard","has-post-thumbnail","hentry","category-informacion-oficial","category-tamaulipas"],"gutentor_comment":0,"_links":{"self":[{"href":"https:\/\/www.elplaneta.mx\/index.php?rest_route=\/wp\/v2\/posts\/388560","targetHints":{"allow":["GET"]}}],"collection":[{"href":"https:\/\/www.elplaneta.mx\/index.php?rest_route=\/wp\/v2\/posts"}],"about":[{"href":"https:\/\/www.elplaneta.mx\/index.php?rest_route=\/wp\/v2\/types\/post"}],"author":[{"embeddable":true,"href":"https:\/\/www.elplaneta.mx\/index.php?rest_route=\/wp\/v2\/users\/1"}],"replies":[{"embeddable":true,"href":"https:\/\/www.elplaneta.mx\/index.php?rest_route=%2Fwp%2Fv2%2Fcomments&post=388560"}],"version-history":[{"count":1,"href":"https:\/\/www.elplaneta.mx\/index.php?rest_route=\/wp\/v2\/posts\/388560\/revisions"}],"predecessor-version":[{"id":388562,"href":"https:\/\/www.elplaneta.mx\/index.php?rest_route=\/wp\/v2\/posts\/388560\/revisions\/388562"}],"wp:featuredmedia":[{"embeddable":true,"href":"https:\/\/www.elplaneta.mx\/index.php?rest_route=\/wp\/v2\/media\/388561"}],"wp:attachment":[{"href":"https:\/\/www.elplaneta.mx\/index.php?rest_route=%2Fwp%2Fv2%2Fmedia&parent=388560"}],"wp:term":[{"taxonomy":"category","embeddable":true,"href":"https:\/\/www.elplaneta.mx\/index.php?rest_route=%2Fwp%2Fv2%2Fcategories&post=388560"},{"taxonomy":"post_tag","embeddable":true,"href":"https:\/\/www.elplaneta.mx\/index.php?rest_route=%2Fwp%2Fv2%2Ftags&post=388560"}],"curies":[{"name":"wp","href":"https:\/\/api.w.org\/{rel}","templated":true}]}}