{"id":388566,"date":"2026-09-03T10:12:01","date_gmt":"2026-09-03T16:12:01","guid":{"rendered":"https:\/\/www.elplaneta.mx\/?p=388566"},"modified":"2026-09-03T10:12:04","modified_gmt":"2026-09-03T16:12:04","slug":"hombres-montados-en-bestias","status":"publish","type":"post","link":"https:\/\/www.elplaneta.mx\/?p=388566","title":{"rendered":"Hombres montados en bestias"},"content":{"rendered":"\n<p>Por Ambrocio L\u00f3pez Guti\u00e9rrez<\/p>\n\n\n\n<p>Todo un espect\u00e1culo disfrut\u00f3 el p\u00fablico tamaulipeco el reciente fin de semana, sobre todos los habitantes del centro de la entidad, donde se escenific\u00f3 la tradicional cabalgata encabezada por el gobernador Am\u00e9rico Villarreal Anaya. Cientos de hombres y mujeres montados en bestias magn\u00edficas hicieron un recorrido triunfal provocando por momentos caos vial, sin embargo, para los observadores, locales el acontecimiento ecuestre result\u00f3 un \u00e9xito considerando la diversidad de las cabalgaduras y los animales pol\u00edticos que le mostraron lealtad absoluta el jefe del ejecutivo estatal. AVA debi\u00f3 sentirse muy tranquilo con la solidaridad mostrada en la espectacular movilizaci\u00f3n equina.<\/p>\n\n\n\n<p>En ese contexto, teniendo como testigo de honor al gobernador del estado, Am\u00e9rico Villarreal Anaya, el rector de la Universidad Aut\u00f3noma de Tamaulipas, D\u00e1maso Anaya Alvarado, firm\u00f3 un convenio con el presidente de la Uni\u00f3n Ganadera Regional de Tamaulipas, Jos\u00e9 Ram\u00f3n Guerrero Gamboa, en el que se fijan las bases para impulsar una alianza estrat\u00e9gica integral enfocada al fortalecimiento y la modernizaci\u00f3n del sector pecuario. En este acto, la UAT y la UGRT formalizaron el acuerdo de colaboraci\u00f3n acad\u00e9mica, cient\u00edfica y tecnol\u00f3gica, el cual tiene como prop\u00f3sito articular capacidades investigativas, t\u00e9cnicas y operativas entre la academia y el sector productivo.<\/p>\n\n\n\n<p>Destaca el trabajo conjunto entre las plantas de alimentos de la Facultad de Medicina Veterinaria y Zootecnia y los productores integrados en la Uni\u00f3n Ganadera Regional, uniendo esfuerzos para potenciar la productividad y elevar la calidad de los procesos ganaderos en \u00e1reas prioritarias como la nutrici\u00f3n animal, sanidad, reproducci\u00f3n, manejo integral de especies y estrategias de comercializaci\u00f3n. Asimismo, la alianza establece un marco integral de cooperaci\u00f3n que abarca la realizaci\u00f3n de proyectos de investigaci\u00f3n aplicada e innovaci\u00f3n tecnol\u00f3gica orientados a dar soluci\u00f3n a las problem\u00e1ticas reales y regionales del campo tamaulipeco. D\u00e1maso firm\u00f3 su lealtad a AVA y a la 4T.<\/p>\n\n\n\n<p>Adem\u00e1s, contempla el intercambio permanente de informaci\u00f3n t\u00e9cnica, cient\u00edfica y estad\u00edstica especializada, el dise\u00f1o de programas formativos de actualizaci\u00f3n, capacitaci\u00f3n continua y posgrados para el gremio ganadero, as\u00ed como el impulso al talento universitario mediante la apertura de espacios para pr\u00e1cticas pre profesionales, servicio social y estancias acad\u00e9micas y de investigaci\u00f3n para docentes y alumnos. Este hist\u00f3rico acuerdo fue firmado en el marco de la Cabalgata, que reuni\u00f3 a m\u00e1s de dos mil cabalgantes, dentro de los que se destac\u00f3 la presencia del presidente de la Confederaci\u00f3n Nacional de Organizaciones Ganaderas, Homero Garc\u00eda de la Llata. Con esta alianza, que tendr\u00e1 una vigencia inicial hasta 2028, se reafirma el compromiso coordinado entre el Gobierno, el sector ganadero y la UAT para vincular el conocimiento directamente con las necesidades de los productores pecuarios de toda la entidad.<\/p>\n\n\n\n<p>CON EL PROP\u00d3SITO DE TENER un espacio en donde se difunda la riqueza natural de esta regi\u00f3n, que contribuya a fortalecer el desarrollo tur\u00edstico y reconocer a la tortuga lora como una especie emblem\u00e1tica de la costa tamaulipeca, el gobernador Am\u00e9rico Villarreal Anaya coloc\u00f3 la primera piedra para la edificaci\u00f3n del Museo Interpretativo de la Tortuga Lora, en el que se invertir\u00e1n alrededor de 49 millones de pesos. La primera etapa de este nuevo recinto, que se ubicar\u00e1 a tan solo 200 metros de la playa del poblado La Pesca, contempla un conjunto de obras de poco m\u00e1s de 9,000 metros cuadrados, con \u00e1reas de exhibici\u00f3n y divulgaci\u00f3n para el p\u00fablico, espacios de servicio para las y los visitantes y un \u00e1rea dedicada a la rehabilitaci\u00f3n de tortugas, adem\u00e1s de criterios de accesibilidad y de manejo responsable del agua y la energ\u00eda.<\/p>\n\n\n\n<p>En su mensaje, el gobernador Am\u00e9rico Villarreal afirm\u00f3 que con estas acciones el Gobierno refrenda su compromiso para el cuidado de los recursos naturales, que son la fuente para poder contar con recursos sustentables que le den viabilidad y crecimiento a nuestra sociedad y a las futuras generaciones. Destac\u00f3 que Tamaulipas se ha distinguido por la protecci\u00f3n a la tortuga lora y su acci\u00f3n ha podido favorecer que se vuelva a restablecer y se vaya poblando nuevamente de esta importante especie en este ciclo de cuidado del medioambiente. Es un placer estar aqu\u00ed hoy con ustedes y dar fe de que iniciamos esta obra y ya no nos vamos a parar, ingeniero Cepeda, hasta que vengamos aqu\u00ed con ustedes, en el segundo semestre del 2027 y con la presidenta Glynnis, que tanto est\u00e1 pendiente del impulso de este gran municipio, para venir a cortar el list\u00f3n y venir a disfrutar de estas instalaciones, expres\u00f3 muy convencido.<\/p>\n\n\n\n<p>El secretario de Obras P\u00fablicas, Pedro Cepeda Anaya, explic\u00f3 que la primera etapa de este museo comprende todos los trabajos preliminares, cimentaciones y superestructura, preparando el terreno y los cimientos para levantar el cuerpo del edificio. Estas acciones brindar\u00e1n un espacio para que las y los ni\u00f1os de Soto La Marina conozcan de cerca una especie que anida en su propia costa. A las y los visitantes de esta hermosa playa les daremos una raz\u00f3n m\u00e1s para quedarse un d\u00eda m\u00e1s y a las familias que viven del turismo, va a ser un atractivo abierto todo el a\u00f1o, mencion\u00f3. Karl Heinz Becker, secretario de Desarrollo Urbano y Medio Ambiente, asegur\u00f3 que esta obra representa la historia de todo lo que se ha trabajado en la recuperaci\u00f3n y protecci\u00f3n de la tortuga lora y destac\u00f3 que al d\u00eda de hoy se han reportado hasta 20 mil nidos de esta especie.<\/p>\n\n\n\n<p>Entonces la tendencia va hacia arriba y este museo va a poder representar eso, el honor de quienes lo estuvieron trabajando y el parteaguas de d\u00f3nde vamos a redoblar esfuerzos para las siguientes generaciones, mencion\u00f3. Al agradecer el apoyo del gobernador por las diversas obras que se realizan en Soto La Marina, la presidenta municipal, Glynnis Georgina Jim\u00e9nez V\u00e1zquez, dio a conocer que del 11 de junio a la fecha la playa La Pesca ha recibido m\u00e1s de 350,000 turistas, cifra que sin lugar a dudas se incrementar\u00e1 con este nuevo espacio. Muchas gracias por la inversi\u00f3n que est\u00e1 haciendo en la playa m\u00e1s bonita de Tamaulipas, no se va a arrepentir, mencion\u00f3. Antes de encabezar este evento, el gobernador presidi\u00f3 los trabajos de la Mesa de Paz que se realiz\u00f3 en las instalaciones del Sector Naval La Pesca con instituciones de seguridad.<\/p>\n\n\n\n<p>HISTORIA, CR\u00d3NICA, PATRIMONIO, cultura e identidad fue el lema del IV Encuentro de Historia de Tamaulipas celebrado del 26 al 28 de agosto en las instalaciones del Museo Regional de Historia de Tamaulipas (en el 22 Allende de esta capital), con la presencia de investigadores, profesores y cronistas de diversas localidades de la entidad, adem\u00e1s, en distintos momentos se hicieron presentes personalidades como Silvia Casas, Secretaria de Bienestar, H\u00e9ctor Romero, titular del ITCA, Jos\u00e9 Carlos Mora, asesor del rector de la UAT, el exdiputado local, Pedro Alonso, la legisladora por Victoria Blanca Anzald\u00faa, la historiadora Libertad Garc\u00eda y, por supuesto, el director del Instituto de Investigaciones Hist\u00f3ricas, Octavio Herrera y otros personajes.<\/p>\n\n\n\n<p>Hubo excelentes ponencias de expertos, sin embargo, quiero destacar aqu\u00ed la participaci\u00f3n de los estudiantes de noveno per\u00edodo de la licenciatura en Historia y Gesti\u00f3n del Patrimonio Cultural de la FCEH-UAT: David Hern\u00e1ndez Molina, \u00c1ngel Lara Mart\u00ednez, Iv\u00e1n S\u00e1nchez Ben\u00edtez, Ulises Garc\u00eda Rodr\u00edguez, Myriam Cleofas Guerrero y Danna S\u00e1nchez Gonz\u00e1lez. Estuvieron brillantes en los temas abordados. Felicidades.<\/p>\n\n\n\n<p>Correo: amlogtz@gmail.com<\/p>\n","protected":false},"excerpt":{"rendered":"<p>Por Ambrocio L\u00f3pez Guti\u00e9rrez Todo un espect\u00e1culo disfrut\u00f3 el p\u00fablico tamaulipeco el reciente fin de&#8230;<\/p>\n","protected":false},"author":1,"featured_media":0,"comment_status":"open","ping_status":"open","sticky":false,"template":"","format":"standard","meta":{"footnotes":""},"categories":[5],"tags":[],"class_list":["post-388566","post","type-post","status-publish","format-standard","hentry","category-opinion"],"gutentor_comment":0,"_links":{"self":[{"href":"https:\/\/www.elplaneta.mx\/index.php?rest_route=\/wp\/v2\/posts\/388566","targetHints":{"allow":["GET"]}}],"collection":[{"href":"https:\/\/www.elplaneta.mx\/index.php?rest_route=\/wp\/v2\/posts"}],"about":[{"href":"https:\/\/www.elplaneta.mx\/index.php?rest_route=\/wp\/v2\/types\/post"}],"author":[{"embeddable":true,"href":"https:\/\/www.elplaneta.mx\/index.php?rest_route=\/wp\/v2\/users\/1"}],"replies":[{"embeddable":true,"href":"https:\/\/www.elplaneta.mx\/index.php?rest_route=%2Fwp%2Fv2%2Fcomments&post=388566"}],"version-history":[{"count":1,"href":"https:\/\/www.elplaneta.mx\/index.php?rest_route=\/wp\/v2\/posts\/388566\/revisions"}],"predecessor-version":[{"id":388567,"href":"https:\/\/www.elplaneta.mx\/index.php?rest_route=\/wp\/v2\/posts\/388566\/revisions\/388567"}],"wp:attachment":[{"href":"https:\/\/www.elplaneta.mx\/index.php?rest_route=%2Fwp%2Fv2%2Fmedia&parent=388566"}],"wp:term":[{"taxonomy":"category","embeddable":true,"href":"https:\/\/www.elplaneta.mx\/index.php?rest_route=%2Fwp%2Fv2%2Fcategories&post=388566"},{"taxonomy":"post_tag","embeddable":true,"href":"https:\/\/www.elplaneta.mx\/index.php?rest_route=%2Fwp%2Fv2%2Ftags&post=388566"}],"curies":[{"name":"wp","href":"https:\/\/api.w.org\/{rel}","templated":true}]}}