{"id":388568,"date":"2026-09-03T10:20:12","date_gmt":"2026-09-03T16:20:12","guid":{"rendered":"https:\/\/www.elplaneta.mx\/?p=388568"},"modified":"2026-09-03T10:20:15","modified_gmt":"2026-09-03T16:20:15","slug":"lleva-uanl-su-produccion-editorial-a-filuni-2026","status":"publish","type":"post","link":"https:\/\/www.elplaneta.mx\/?p=388568","title":{"rendered":"Lleva UANL su producci\u00f3n editorial a FILUNI 2026"},"content":{"rendered":"<div class=\"wp-block-image\">\n<figure class=\"alignleft size-full\"><img loading=\"lazy\" decoding=\"async\" width=\"576\" height=\"324\" src=\"https:\/\/www.elplaneta.mx\/wp-content\/themes\/elplaneta\/FOTOS\/3N4746746575.jpg\" alt=\"\" class=\"wp-image-388569\" srcset=\"https:\/\/www.elplaneta.mx\/wp-content\/themes\/elplaneta\/FOTOS\/3N4746746575.jpg 576w, https:\/\/www.elplaneta.mx\/wp-content\/themes\/elplaneta\/FOTOS\/3N4746746575-300x169.jpg 300w\" sizes=\"auto, (max-width: 576px) 100vw, 576px\" \/><\/figure><\/div>\n\n\n<p>Monterrey, Nuevo Le\u00f3n, M\u00e9xico, Am\u00e9rica.- La Universidad Aut\u00f3noma de Nuevo Le\u00f3n present\u00f3 su cat\u00e1logo editorial en la VIII Feria Internacional del Libro de las Universitarias y los Universitarios 2026 para ampliar contribuir al intercambio de conocimientos, proyectos y experiencias entre las instituciones universitarias.<\/p>\n\n\n\n<p>La Universidad Aut\u00f3noma de Nuevo Le\u00f3n participa con su producci\u00f3n cient\u00edfica, art\u00edstica y cultural en la VIII Feria Internacional del Libro de las Universitarias y los Universitarios (FILUNI) 2026.<\/p>\n\n\n\n<p>La feria fue inaugurada el 25 de agosto en el Centro de Exposiciones y Congresos de la Universidad Nacional Aut\u00f3noma de M\u00e9xico (UNAM), donde editoriales e instituciones de educaci\u00f3n superior presentan sus novedades, autores y cat\u00e1logos.<\/p>\n\n\n\n<p>Mediante su participaci\u00f3n en la FILUNI 2026, la UANL busca ampliar la presencia de sus publicaciones y contribuir al intercambio de conocimientos, proyectos y experiencias entre las instituciones universitarias.<\/p>\n\n\n\n<p>Acompa\u00f1ado del Secretario de Extensi\u00f3n y Cultura, Jos\u00e9 Javier Villarreal, el Rector Santos Guzm\u00e1n L\u00f3pez destac\u00f3 la presencia de la UANL en este encuentro editorial.<\/p>\n\n\n\n<p>Asiste Santos Guzm\u00e1n a encuentro sobre edici\u00f3n universitaria<\/p>\n\n\n\n<p>\u201cLlevando a la capital del pa\u00eds nuestra vasta producci\u00f3n editorial, la UANL participa en la VIII Feria Internacional del Libro de las Universitarias y los Universitarios\u201d, se\u00f1al\u00f3.<\/p>\n\n\n\n<p>El Ejecutivo Universitario destac\u00f3 que la presencia de la Universidad permite acercar sus publicaciones a nuevos lectores, as\u00ed como fortalecer los v\u00ednculos profesionales con universidades y casas editoriales de Iberoam\u00e9rica.<\/p>\n\n\n\n<p>Durante la ceremonia inaugural, la Coordinadora de Difusi\u00f3n Cultural de la UNAM, Rosa Beltr\u00e1n \u00c1lvarez, y la Directora General de Publicaciones y Fomento Editorial, Socorro Venegas, ofrecieron los mensajes de bienvenida.<\/p>\n\n\n\n<p>El Rector de la UNAM, Leonardo Lomel\u00ed Vanegas, encabez\u00f3 el acto y entreg\u00f3 un reconocimiento a la Universitat de Val\u00e8ncia como instituci\u00f3n invitada de honor de la edici\u00f3n 2026.<\/p>\n\n\n\n<p>Al concluir la ceremonia, autoridades e invitados recorrieron los estands de la UNAM, la Universitat de Val\u00e8ncia y las instituciones participantes.<\/p>\n\n\n\n<p>M\u00e1s de 20 mil t\u00edtulos<\/p>\n\n\n\n<p>La FILUNI re\u00fane una oferta editorial de m\u00e1s de 20 mil t\u00edtulos provenientes de distintos pa\u00edses de Iberoam\u00e9rica. Participan editores, acad\u00e9micos, bibliotecarios, investigadores, profesores, estudiantes y p\u00fablico interesado en conocer la producci\u00f3n editorial universitaria nacional e internacional.<\/p>\n\n\n\n<p>Su programa incluye seminarios, coloquios, conferencias, presentaciones editoriales, charlas, talleres y actividades art\u00edsticas y culturales.<\/p>\n\n\n\n<p>La feria busca tambi\u00e9n generar contactos y acuerdos profesionales en materia de edici\u00f3n, distribuci\u00f3n, comercializaci\u00f3n y posicionamiento de los cat\u00e1logos universitarios.<\/p>\n\n\n\n<p>Universitat de Val\u00e8ncia, invitada de honor<\/p>\n\n\n\n<p>La Universitat de Val\u00e8ncia se fund\u00f3 en 1499 y cuenta con m\u00e1s de 50 mil estudiantes y una oferta acad\u00e9mica que abarca ciencias, ingenier\u00edas, salud, artes, humanidades, educaci\u00f3n, econom\u00eda, derecho y ciencias sociales.<\/p>\n\n\n\n<p>Su comunidad se distribuye en cuatro campus que albergan 18 facultades y escuelas, adem\u00e1s de 84 departamentos y 24 institutos de investigaci\u00f3n.<\/p>\n\n\n\n<p>El \u00e1rea de Publicacions de la Universitat de Val\u00e8nciase cre\u00f3 en 1920 y es una de las editoriales universitarias m\u00e1s antiguas de Espa\u00f1a. Cuenta con colecciones y monograf\u00edas reconocidas con el Sello de Calidad en Edici\u00f3n Acad\u00e9mica CEA-APQ.<\/p>\n\n\n\n<p>El Vicerrector de Cultura, Deportes y V\u00ednculo Social de la instituci\u00f3n, Albert Moncus\u00ed Ferrer, recibi\u00f3 el reconocimiento de manos del Rector de la UNAM y dirigi\u00f3 un mensaje a los asistentes.<\/p>\n\n\n\n<p>Reconocen trayectoria editorial<\/p>\n\n\n\n<p>La ceremonia incluy\u00f3 la entrega del Reconocimiento \u201cRub\u00e9n Bonifaz Nu\u00f1o\u201d a la Trayectoria Editorial Universitaria 2026 a Patricia Piccolini, editora con m\u00e1s de 40 a\u00f1os de experiencia.<\/p>\n\n\n\n<p>El galard\u00f3n es otorgado cada a\u00f1o por la UNAM a una editora o editor universitario de Iberoam\u00e9rica, cuya trayectoria haya contribuido de manera excepcional al desarrollo y profesionalizaci\u00f3n de este campo.<\/p>\n\n\n\n<p>Piccolini dirigi\u00f3 Ediciones FADU, de la Facultad de Arquitectura, Dise\u00f1o y Urbanismo de la Universidad de Buenos Aires, y coordin\u00f3 el Plan Nacional de Lectura de Argentina.<\/p>\n\n\n\n<p>Su trabajo se ha extendido a la formaci\u00f3n de profesionales. Entre 2015 y 2018 dirigi\u00f3 la carrera de Edici\u00f3n de la Facultad de Filosof\u00eda y Letras de la Universidad de Buenos Aires y actualmente codirige el posgrado Proyecto Editorial.<\/p>\n","protected":false},"excerpt":{"rendered":"<p>Monterrey, Nuevo Le\u00f3n, M\u00e9xico, Am\u00e9rica.- La Universidad Aut\u00f3noma de Nuevo Le\u00f3n present\u00f3 su cat\u00e1logo editorial&#8230;<\/p>\n","protected":false},"author":1,"featured_media":388569,"comment_status":"open","ping_status":"open","sticky":false,"template":"","format":"standard","meta":{"footnotes":""},"categories":[151],"tags":[],"class_list":["post-388568","post","type-post","status-publish","format-standard","has-post-thumbnail","hentry","category-espectaculos"],"gutentor_comment":0,"_links":{"self":[{"href":"https:\/\/www.elplaneta.mx\/index.php?rest_route=\/wp\/v2\/posts\/388568","targetHints":{"allow":["GET"]}}],"collection":[{"href":"https:\/\/www.elplaneta.mx\/index.php?rest_route=\/wp\/v2\/posts"}],"about":[{"href":"https:\/\/www.elplaneta.mx\/index.php?rest_route=\/wp\/v2\/types\/post"}],"author":[{"embeddable":true,"href":"https:\/\/www.elplaneta.mx\/index.php?rest_route=\/wp\/v2\/users\/1"}],"replies":[{"embeddable":true,"href":"https:\/\/www.elplaneta.mx\/index.php?rest_route=%2Fwp%2Fv2%2Fcomments&post=388568"}],"version-history":[{"count":1,"href":"https:\/\/www.elplaneta.mx\/index.php?rest_route=\/wp\/v2\/posts\/388568\/revisions"}],"predecessor-version":[{"id":388570,"href":"https:\/\/www.elplaneta.mx\/index.php?rest_route=\/wp\/v2\/posts\/388568\/revisions\/388570"}],"wp:featuredmedia":[{"embeddable":true,"href":"https:\/\/www.elplaneta.mx\/index.php?rest_route=\/wp\/v2\/media\/388569"}],"wp:attachment":[{"href":"https:\/\/www.elplaneta.mx\/index.php?rest_route=%2Fwp%2Fv2%2Fmedia&parent=388568"}],"wp:term":[{"taxonomy":"category","embeddable":true,"href":"https:\/\/www.elplaneta.mx\/index.php?rest_route=%2Fwp%2Fv2%2Fcategories&post=388568"},{"taxonomy":"post_tag","embeddable":true,"href":"https:\/\/www.elplaneta.mx\/index.php?rest_route=%2Fwp%2Fv2%2Ftags&post=388568"}],"curies":[{"name":"wp","href":"https:\/\/api.w.org\/{rel}","templated":true}]}}