{"id":388576,"date":"2026-09-03T10:32:53","date_gmt":"2026-09-03T16:32:53","guid":{"rendered":"https:\/\/www.elplaneta.mx\/?p=388576"},"modified":"2026-09-03T10:32:56","modified_gmt":"2026-09-03T16:32:56","slug":"que-responda-el-bolsillo","status":"publish","type":"post","link":"https:\/\/www.elplaneta.mx\/?p=388576","title":{"rendered":"Que responda el bolsillo\u2026"},"content":{"rendered":"\n<p>Por Marco Antonio V\u00e1zquez Villanueva<\/p>\n\n\n\n<p>\u00bfEstamos mejor que el a\u00f1o pasado?, la pregunta surge a ra\u00edz del Segundo Informe de Gobierno de la presidenta Claudia Sheinbaum, ella nos pinta un M\u00e9xico color de rosa, casi como si disfrut\u00e1ramos la paz de Noruega, la riqueza y educaci\u00f3n de Finlandia, la salud de Dinamarca o el orden y la honestidad de Jap\u00f3n, y nada de eso pasa.<\/p>\n\n\n\n<p>Pero no se equivoque, si nos comparamos con el M\u00e9xico del prianato, incluso con el \u00faltimo sexenio de Andr\u00e9s Manuel L\u00f3pez Obrador, estamos mil veces mejor, le acepto que no se ha acabado la corrupci\u00f3n, que siguen pol\u00edticos de Morena viviendo a cuerpo de rey gracias a los presupuestos p\u00fablicos, y tambi\u00e9n que la calidad de la educaci\u00f3n es de lo peorcito; pero, sin lugar a dudas, est\u00e1bamos peor, y no es consuelo de tontos, es una invitaci\u00f3n a sentar bases para comenzar un nuevo periodo en nuestra naci\u00f3n.<\/p>\n\n\n\n<p>Hay avances en la macroeconom\u00eda, la inversi\u00f3n extranjera crece de manera exponencial y la estabilidad del peso frente al d\u00f3lar durante los \u00faltimos seis meses tambi\u00e9n nos da se\u00f1ales claras de que algo va bien, tambi\u00e9n hay mayor inversi\u00f3n en el sector salud y da la impresi\u00f3n de que, en el tema educativo, se est\u00e1n poniendo las pilas y eso, con datos en la mano, es reflejo (o se ha reflejado) en una mejor seguridad p\u00fablica.<\/p>\n\n\n\n<p>\u00bfA d\u00f3nde vamos?, pues a que tampoco estamos tan mal como lo juran el PAN, el PRI, MC y otras organizaciones pol\u00edticas y sociales que, antes de hacer una cr\u00edtica sana que nos lleve a mejores leyes o programas de gobierno, prefieren intentar destruir con la perversa intenci\u00f3n de que cada pedacito de pa\u00eds que caiga se convierta en un voto para ellos y en aumentar la posibilidad de regresar al poder y a los presupuestos.<\/p>\n\n\n\n<p>En lo personal, si me lo pregunta, le podr\u00eda asegurar que estamos mejor que el a\u00f1o pasado, que estamos mucho mejor que en el sexenio pasado y que ni siquiera hay punto de comparaci\u00f3n respecto de lo que vivimos con el PRI o el PAN.<\/p>\n\n\n\n<p>Pero tambi\u00e9n le tengo que dejar claro que la vara estaba muy abajo, que era mucho mugrero lo que hab\u00edamos vivido, pol\u00edtica y administrativamente hablando, aquellas fueron d\u00e9cadas de saqueo y corrupci\u00f3n, de ver a pol\u00edticos vendernos a las mafias, de entregarnos al crimen, lo que provocaba fuga de capitales, pobreza y una terrible crisis emocional en todos los mexicanos.<\/p>\n\n\n\n<p>No son inventos, con datos p\u00fablicos, le afirm\u00f3 que llegamos a tener a\u00f1os en los cuales se comet\u00edan hasta 100 asesinatos diarios, y nom\u00e1s hablarle de los sexenios de Calder\u00f3n y Pe\u00f1a Nieto, y eso sin contar las 15 desapariciones en promedio diario en ambos sexenios, le reitero, son cifras de ellos, del Secretariado Ejecutivo del Sistema Nacional de Seguridad P\u00fablica, es decir, pudieron haber ocurrido muchas m\u00e1s.<\/p>\n\n\n\n<p>Y no se equivoque, no son porras a Morena ni descalificaciones al PAN o al PRI, porque en todos esos partidos hay corruptos, corruptazos le jurar\u00eda, y tambi\u00e9n hay pol\u00edticos m\u00e1s o menos decentes, honestos en su b\u00fasqueda del poder, ni para qu\u00e9 batallar mucho en ofrecerle nombres, Google le dar\u00eda una larga lista de se\u00f1alados sin mayor problema, algunos hasta emblem\u00e1ticos, entonces, no se trata de ensalzar o satanizar a los gobiernos por el partido que lleg\u00f3 a ellos, sino de evaluarlos por sus datos tangibles.<\/p>\n\n\n\n<p>Eso s\u00ed, la m\u00ednima exigencia que nos debemos hacer es prometernos participar m\u00e1s en pol\u00edtica para encontrar qui\u00e9n nos represente y nos lleve a esos para\u00edsos que nos detallan en los informes de gobierno, digo, si lo mencionan es porque son posibles, m\u00e1s que eso, porque los merecemos.<\/p>\n\n\n\n<p>Obvio, este es un buen momento para comenzar esa participaci\u00f3n, hacerle una auditor\u00eda social a los informes que rinden los gobiernos, tratar de cruzar datos, informarnos hasta quedar satisfechos y, luego de ello, entender que en este mismo mes comienza el a\u00f1o electoral, que no significa otra cosa que la preparaci\u00f3n para renovar el Poder Legislativo en su C\u00e1mara de Diputados federal y en el Congreso local de Tamaulipas, en nuestro Estado tambi\u00e9n elegiremos alcaldesas y alcaldes.<\/p>\n\n\n\n<p>Exacto, tenemos que obligarnos a buscar entre ellos a los que puedan cumplir nuestros anhelos de buenos gobiernos, honestos, y que observen primero al pueblo y luego sus cuentas bancarias.<\/p>\n\n\n\n<p>Para cerrar, me gust\u00f3 el informe de la presidenta, los datos hablan de avances y el panorama luce halagador en bastantes rubros, en seguridad p\u00fablica son cinco veces menos asesinatos que en el pasado, por ejemplo.<\/p>\n\n\n\n<p>Eso s\u00ed, todo ello de nada servir\u00e1 mientras no se refleje en mejores opciones, tranquilidad y paz; sobre todo, mientras nuestra cartera siga sufriendo para pagar colegiaturas, la manutenci\u00f3n y una vida digna para los nuestros.<\/p>\n\n\n\n<p>Y aqu\u00ed concluyo con la pregunta inicial y su respuesta:<\/p>\n\n\n\n<p>\u00bfEstamos mejor que el a\u00f1o pasado?, pues que responda el bolsillo\u2026<\/p>\n\n\n\n<p>ASISTIR\u00c1 AM\u00c9RICO A LOS INFORMES DE LAS Y LOS ALCALDES DE TAMAULIPAS\u2026 Recorrer\u00e1 el estado, en un ejercicio in\u00e9dito que iniciar\u00e1 en la frontera.<\/p>\n\n\n\n<p>A partir de este jueves 3 de septiembre, el gobernador de Tamaulipas, Am\u00e9rico Villarreal Anaya, realizar\u00e1 un recorrido por el estado con el prop\u00f3sito de acompa\u00f1ar a las y los presidentes municipales durante la rendici\u00f3n del segundo informe de gobierno al frente de sus respectivos ayuntamientos.<\/p>\n\n\n\n<p>En un hecho in\u00e9dito, luego de varias administraciones, Am\u00e9rico Villarreal ser\u00e1 el primer mandatario estatal que asiste a los informes municipales, iniciando su gira de trabajo el jueves 3 de septiembre en la frontera norte del estado.<\/p>\n\n\n\n<p>Al mediod\u00eda, estar\u00e1 presente en el informe de la presidenta municipal de Nueva Ciudad Guerrero, Laura Ver\u00f3nica Pe\u00f1a Mart\u00ednez, y por la tarde asistir\u00e1 al informe de Carmen Lilia Canturosas Villarreal, presidenta municipal de Nuevo Laredo.<\/p>\n\n\n\n<p>\u201cCon los ayuntamientos tenemos comunicaci\u00f3n permanente; las y los presidentes municipales han tenido y tienen en mi gobierno el mejor aliado para la consecuci\u00f3n de las leg\u00edtimas aspiraciones de las mujeres y los hombres que habitan los 43 municipios de Tamaulipas\u201d, expres\u00f3 el gobernador al referirse a la relaci\u00f3n que mantiene con alcaldes y alcaldesas y su compromiso por trabajar de manera coordinada para generar acciones que sigan impulsando el desarrollo y bienestar de las y los tamaulipecos.<\/p>\n\n\n\n<p>Destac\u00f3 que es en los municipios donde aterrizan los proyectos estrat\u00e9gicos del Gobierno del Estado y su gesti\u00f3n humanista, y se hacen realidad todas las pol\u00edticas p\u00fablicas en favor de las familias tamaulipecas.<\/p>\n\n\n\n<p>El recorrido del gobernador continuar\u00e1 hasta los \u00faltimos d\u00edas del mes de septiembre, asistiendo a dos informes diariamente en las diferentes regiones del estado.<\/p>\n\n\n\n<p>LA UAT LOGRA PRODUCCI\u00d3N CIENT\u00cdFICA HIST\u00d3RICA CON M\u00c1S DE 80 LIBROS EDITADOS\u2026&nbsp; La Universidad Aut\u00f3noma de Tamaulipas (UAT) increment\u00f3 de forma hist\u00f3rica su producci\u00f3n cient\u00edfica y de divulgaci\u00f3n acad\u00e9mica, alcanzando en el presente a\u00f1o m\u00e1s de 80 libros editados en diversas \u00e1reas del conocimiento.<\/p>\n\n\n\n<p>La encargada del despacho de la Secretar\u00eda de Investigaci\u00f3n y Posgrado de la UAT, Dra. Evelia Res\u00e9ndiz Balderas, inform\u00f3 que desde el inicio de la gesti\u00f3n del rector D\u00e1maso Anaya Alvarado se ha reforzado el trabajo institucional para aumentar las publicaciones propias y en coordinaci\u00f3n con diferentes casas editoriales.<\/p>\n\n\n\n<p>Al detallar el impacto de este impulso, la funcionaria universitaria describi\u00f3 la evoluci\u00f3n de la producci\u00f3n editorial en los \u00faltimos a\u00f1os: en 2024, se publicaron 19 libros en coedici\u00f3n con la Editorial Fontamara y dos con Sello UAT; en 2025, la cifra ascendi\u00f3 a 38 libros en coedici\u00f3n y 5 con Sello UAT; mientras que en este a\u00f1o se han publicado 5 libros en coedici\u00f3n y 12 con Sello UAT.<\/p>\n\n\n\n<p>Res\u00e9ndiz Balderas se\u00f1al\u00f3 que actualmente se encuentran en proceso 24 libros en coedici\u00f3n y un libro m\u00e1s con Sello UAT, lo que da un gran total de 81 publicaciones especializadas, las cuales se pueden consultar de manera abierta en la plataforma web Libros UAT.<\/p>\n\n\n\n<p>Adem\u00e1s del \u00e9xito editorial, la funcionaria subray\u00f3 que se han redoblado los esfuerzos en la producci\u00f3n de revistas acad\u00e9micas. En este rubro, la UAT cuenta con 13 revistas en total, de las cuales siete est\u00e1n dedicadas a la investigaci\u00f3n y seis corresponden a la divulgaci\u00f3n.<\/p>\n\n\n\n<p>De las publicaciones de investigaci\u00f3n, enfatiz\u00f3 que cinco ya fueron certificadas por la Secretar\u00eda de Ciencia, Humanidades, Tecnolog\u00eda e Innovaci\u00f3n (SECIHTI), un logro que aumenta el prestigio acad\u00e9mico de la Universidad a nivel nacional.<\/p>\n\n\n\n<p>Finalmente, puntualiz\u00f3 que, gracias al apoyo del rector D\u00e1maso Anaya Alvarado, la UAT plantea continuar con la generaci\u00f3n de publicaciones que ayuden a difundir el conocimiento derivado de los importantes proyectos de investigaci\u00f3n que desarrollan los especialistas de la m\u00e1xima casa de estudios en el estado.<\/p>\n\n\n\n<p>Coloque en el buscador de facebok @CENADeNegros1 y le agradecer\u00e9 que me regale un Me Gusta, adem\u00e1s nos puede seguir en la cuenta de X @gatovaliente y, como siempre, le dejo el correo electr\u00f3nico a sus \u00f3rdenes para lo que guste y mande\u2026 marcovazquez20001@hotmail.com<\/p>\n","protected":false},"excerpt":{"rendered":"<p>Por Marco Antonio V\u00e1zquez Villanueva \u00bfEstamos mejor que el a\u00f1o pasado?, la pregunta surge a&#8230;<\/p>\n","protected":false},"author":1,"featured_media":0,"comment_status":"closed","ping_status":"closed","sticky":false,"template":"","format":"standard","meta":{"footnotes":""},"categories":[5],"tags":[],"class_list":["post-388576","post","type-post","status-publish","format-standard","hentry","category-opinion"],"gutentor_comment":0,"_links":{"self":[{"href":"https:\/\/www.elplaneta.mx\/index.php?rest_route=\/wp\/v2\/posts\/388576","targetHints":{"allow":["GET"]}}],"collection":[{"href":"https:\/\/www.elplaneta.mx\/index.php?rest_route=\/wp\/v2\/posts"}],"about":[{"href":"https:\/\/www.elplaneta.mx\/index.php?rest_route=\/wp\/v2\/types\/post"}],"author":[{"embeddable":true,"href":"https:\/\/www.elplaneta.mx\/index.php?rest_route=\/wp\/v2\/users\/1"}],"replies":[{"embeddable":true,"href":"https:\/\/www.elplaneta.mx\/index.php?rest_route=%2Fwp%2Fv2%2Fcomments&post=388576"}],"version-history":[{"count":2,"href":"https:\/\/www.elplaneta.mx\/index.php?rest_route=\/wp\/v2\/posts\/388576\/revisions"}],"predecessor-version":[{"id":388578,"href":"https:\/\/www.elplaneta.mx\/index.php?rest_route=\/wp\/v2\/posts\/388576\/revisions\/388578"}],"wp:attachment":[{"href":"https:\/\/www.elplaneta.mx\/index.php?rest_route=%2Fwp%2Fv2%2Fmedia&parent=388576"}],"wp:term":[{"taxonomy":"category","embeddable":true,"href":"https:\/\/www.elplaneta.mx\/index.php?rest_route=%2Fwp%2Fv2%2Fcategories&post=388576"},{"taxonomy":"post_tag","embeddable":true,"href":"https:\/\/www.elplaneta.mx\/index.php?rest_route=%2Fwp%2Fv2%2Ftags&post=388576"}],"curies":[{"name":"wp","href":"https:\/\/api.w.org\/{rel}","templated":true}]}}