{"id":388633,"date":"2026-09-05T13:03:21","date_gmt":"2026-09-05T19:03:21","guid":{"rendered":"https:\/\/www.elplaneta.mx\/?p=388633"},"modified":"2026-09-05T13:03:24","modified_gmt":"2026-09-05T19:03:24","slug":"el-dif-tamaulipas-debera-cumplir-laudo-presento-demanda-de-amparo-fuera-de-tiempo","status":"publish","type":"post","link":"https:\/\/www.elplaneta.mx\/?p=388633","title":{"rendered":"El DIF Tamaulipas deber\u00e1 cumplir Laudo, presento demanda de amparo fuera de tiempo"},"content":{"rendered":"<div class=\"wp-block-image\">\n<figure class=\"alignleft size-full\"><img loading=\"lazy\" decoding=\"async\" width=\"521\" height=\"445\" src=\"https:\/\/www.elplaneta.mx\/wp-content\/themes\/elplaneta\/FOTOS\/5T3649685856.jpeg\" alt=\"\" class=\"wp-image-388634\" srcset=\"https:\/\/www.elplaneta.mx\/wp-content\/themes\/elplaneta\/FOTOS\/5T3649685856.jpeg 521w, https:\/\/www.elplaneta.mx\/wp-content\/themes\/elplaneta\/FOTOS\/5T3649685856-300x256.jpeg 300w\" sizes=\"auto, (max-width: 521px) 100vw, 521px\" \/><\/figure><\/div>\n\n<div class=\"wp-block-image\">\n<figure class=\"alignright size-full is-resized\"><img loading=\"lazy\" decoding=\"async\" width=\"240\" height=\"289\" src=\"https:\/\/www.elplaneta.mx\/wp-content\/themes\/elplaneta\/FOTOS\/Magistrado-Javier-Valdez-Perales.jpg\" alt=\"\" class=\"wp-image-384581\" style=\"width:152px;height:auto\" \/><figcaption class=\"wp-element-caption\">Magistrado Javier Valdez Perales<\/figcaption><\/figure><\/div>\n\n\n<p>Ciudad Victoria, Tamaulipas, M\u00e9xico, Am\u00e9rica.- El Sistema para el Desarrollo Integral de la Familia (DIF) de Tamaulipas se qued\u00f3 sin posibilidades de modificar una Laudo y por tal motivo deber\u00e1 pagar lo establecido en dicha condena, ya que mediante la ejecutoria 659\/2024. Magistrados Federales, sobreseen (no otorgan amparo, pero tampoco lo niegan), ya que la dependencia estatal, presento la demanda constitucional fuera del tiempo establecido en la Ley.<\/p>\n\n\n\n<p>El Magistrado Javier Valdez Perales, presidente del Tercer Tribunal Colegiado en Materias Penal y de Trabajo del D\u00e9cimo Noveno Circuito en Tampico, dio a conocer la ejecutoria donde se resolvi\u00f3 que, la demanda de amparo directo que dio origen a este juicio se present\u00f3 el 11 de septiembre de dos 2024, lo que se obtiene del sello de recepci\u00f3n situado en la parte superior derecha del libelo constitucional (aunado al hecho de que \u00e9ste se encuentra fechado en esa propia data); esto es, dos d\u00edas despu\u00e9s de la fecha l\u00edmite para controvertir el laudo de m\u00e9rito.<\/p>\n\n\n\n<p>El dos de mayo del 2024, la Junta Especial N\u00famero Tres de la Local de Conciliaci\u00f3n y Arbitraje del Estado (JLCA) en Ciudad Victoria, emiti\u00f3 el Laudo del juicio laboral 21\/E03\/2017, condenando al DIF Tamaulipas, al pago de diversas prestaciones laborales, el organismo recurre al juicio de amparo, argumentando diversas violaciones a las garant\u00edas de seguridad jur\u00eddica y debido proceso.<\/p>\n\n\n\n<p>El Magistrado Javier Valdez Perales, a quien correspondi\u00f3 estudiar el asunto, determino que, en el caso, de las constancias del juicio laboral se obtiene que el laudo combatido se notific\u00f3 personalmente al DIF Tamaulipas, por conducto de su apoderado legal, el diecinueve de agosto de dos mil veinticuatro; al respecto, de conformidad con el art\u00edculo 747, fracci\u00f3n I, de la Ley de Federal del Trabajo, la notificaci\u00f3n efectuada surti\u00f3 efectos ese d\u00eda, esto es, el diecinueve de agosto de dos mil veinticuatro.<\/p>\n\n\n\n<p>Raz\u00f3n por la cual el plazo para promover juicio de amparo directo trascurri\u00f3 del 20 de agosto al 9 de septiembre de ese a\u00f1o, de ah\u00ed que la demanda de derechos fundamentales se promovi\u00f3 fuera del plazo de quince d\u00edas previsto en el art\u00edculo 17 de la Ley de Amparo, en consecuencia, se actualiza la causa de improcedencia prevista en el art\u00edculo 61, fracci\u00f3n XIV de la Ley de Amparo, ante lo cual el pleno judicial sobresee el juicio.<\/p>\n","protected":false},"excerpt":{"rendered":"<p>Ciudad Victoria, Tamaulipas, M\u00e9xico, Am\u00e9rica.- El Sistema para el Desarrollo Integral de la Familia (DIF)&#8230;<\/p>\n","protected":false},"author":1,"featured_media":388634,"comment_status":"open","ping_status":"open","sticky":false,"template":"","format":"standard","meta":{"footnotes":""},"categories":[6,583,20],"tags":[],"class_list":["post-388633","post","type-post","status-publish","format-standard","has-post-thumbnail","hentry","category-baltazar","category-principales","category-tamaulipas"],"gutentor_comment":0,"_links":{"self":[{"href":"https:\/\/www.elplaneta.mx\/index.php?rest_route=\/wp\/v2\/posts\/388633","targetHints":{"allow":["GET"]}}],"collection":[{"href":"https:\/\/www.elplaneta.mx\/index.php?rest_route=\/wp\/v2\/posts"}],"about":[{"href":"https:\/\/www.elplaneta.mx\/index.php?rest_route=\/wp\/v2\/types\/post"}],"author":[{"embeddable":true,"href":"https:\/\/www.elplaneta.mx\/index.php?rest_route=\/wp\/v2\/users\/1"}],"replies":[{"embeddable":true,"href":"https:\/\/www.elplaneta.mx\/index.php?rest_route=%2Fwp%2Fv2%2Fcomments&post=388633"}],"version-history":[{"count":1,"href":"https:\/\/www.elplaneta.mx\/index.php?rest_route=\/wp\/v2\/posts\/388633\/revisions"}],"predecessor-version":[{"id":388635,"href":"https:\/\/www.elplaneta.mx\/index.php?rest_route=\/wp\/v2\/posts\/388633\/revisions\/388635"}],"wp:featuredmedia":[{"embeddable":true,"href":"https:\/\/www.elplaneta.mx\/index.php?rest_route=\/wp\/v2\/media\/388634"}],"wp:attachment":[{"href":"https:\/\/www.elplaneta.mx\/index.php?rest_route=%2Fwp%2Fv2%2Fmedia&parent=388633"}],"wp:term":[{"taxonomy":"category","embeddable":true,"href":"https:\/\/www.elplaneta.mx\/index.php?rest_route=%2Fwp%2Fv2%2Fcategories&post=388633"},{"taxonomy":"post_tag","embeddable":true,"href":"https:\/\/www.elplaneta.mx\/index.php?rest_route=%2Fwp%2Fv2%2Ftags&post=388633"}],"curies":[{"name":"wp","href":"https:\/\/api.w.org\/{rel}","templated":true}]}}